{"id":12567,"date":"2019-12-19T17:01:19","date_gmt":"2019-12-19T16:01:19","guid":{"rendered":"https:\/\/www.geres.eu\/uncategorized\/climate-emergency-sustainable-development-development-projects-policies-training\/"},"modified":"2019-12-20T11:54:10","modified_gmt":"2019-12-20T10:54:10","slug":"climate-emergency-sustainable-development-development-projects-policies-training","status":"publish","type":"post","link":"https:\/\/www.geres.eu\/en\/references-en\/climate-emergency-sustainable-development-development-projects-policies-training\/","title":{"rendered":"Facilitation of &#8220;Mainstreaming the climate emergency and sustainable development goals in development projects and policies&#8221; training"},"content":{"rendered":"<p>[et_pb_section fb_built=&#8221;1&#8243; fullwidth=&#8221;on&#8221; _builder_version=&#8221;3.25.3&#8243;][diba_header_article _builder_version=&#8221;3.25.3&#8243; width=&#8221;1400px&#8221; max_width=&#8221;100%&#8221; module_alignment=&#8221;center&#8221; height=&#8221;505px&#8221;][\/diba_header_article][\/et_pb_section][et_pb_section fb_built=&#8221;1&#8243; _builder_version=&#8221;3.25.3&#8243; custom_padding=&#8221;0px|20px|0px|20px||&#8221; locked=&#8221;off&#8221;][et_pb_row _builder_version=&#8221;3.25.3&#8243; width=&#8221;90%&#8221; max_width=&#8221;1400px&#8221; custom_padding=&#8221;||0px|||&#8221;][et_pb_column type=&#8221;4_4&#8243; _builder_version=&#8221;3.25.3&#8243;][bastad_breadcrumb _builder_version=&#8221;3.25.3&#8243;][\/bastad_breadcrumb][\/et_pb_column][\/et_pb_row][\/et_pb_section][et_pb_section fb_built=&#8221;1&#8243; _builder_version=&#8221;3.25.3&#8243; custom_padding=&#8221;0px|20px|4px|20px||&#8221; locked=&#8221;off&#8221;][et_pb_row module_class=&#8221;content-page-article&#8221; _builder_version=&#8221;3.25.3&#8243; width=&#8221;100%&#8221; max_width=&#8221;768px&#8221; custom_padding=&#8221;41px||4px|0px||&#8221; saved_tabs=&#8221;all&#8221; locked=&#8221;off&#8221;][et_pb_column type=&#8221;4_4&#8243; _builder_version=&#8221;3.25.3&#8243;][et_pb_text _builder_version=&#8221;4.0.6&#8243; text_font=&#8221;||||||||&#8221; header_font=&#8221;||||||||&#8221; custom_padding=&#8221;0px|0px|0px|0px||&#8221; custom_padding_tablet=&#8221;|0px||0px&#8221; custom_padding_phone=&#8221;&#8221; custom_padding_last_edited=&#8221;on|tablet&#8221; locked=&#8221;off&#8221;]<\/p>\n<h2><strong><\/strong>Country \/ Year<\/h2>\n<p class=\"p1\"><span class=\"s1\">Senegal (2019)<br \/> <\/span><\/p>\n<h2>Client<\/h2>\n<p class=\"p1\"><span class=\"s1\">ADM Saint-Louis<\/span><\/p>\n<h2>Summary and Geres<\/h2>\n<p class=\"p1\"><span class=\"s1\">Geres runs training for around 60 participants invited by the Municipal Development Agency (ADM) of St-Louis in Senegal. <\/span><\/p>\n<h2 class=\"p1\"><span class=\"s1\">Main objectives<br \/> <\/span><\/h2>\n<p class=\"p1\"><span class=\"s2\">The objective of the training is to provide participants with up-to-date keys to understanding which can optimize their grasp of the climate change situation. Going forward, it aims to enable participants to take these issues into account in both their development projects and policies and their day-to-day activities. <\/span><\/p>\n<p class=\"p1\"><span class=\"s2\"><\/span><\/p>\n<h2 class=\"p1\"><span class=\"s1\">Main contents<br \/> <\/span><\/h2>\n<ul>\n<li>Challenges, causes and consequences of climate change<\/li>\n<li>Specific tools for project developers and territorial authorities to take account of climate change<\/li>\n<li>Community vulnerability assessment<\/li>\n<li>Climate-proofing methodology<\/li>\n<li>Sustainable development goals and climate change<\/li>\n<li>Senegal&#8217;s role in international climate policy<\/li>\n<li>Climate finance<\/li>\n<\/ul>\n<p>[\/et_pb_text][\/et_pb_column][\/et_pb_row][\/et_pb_section][et_pb_section fb_built=&#8221;1&#8243; module_class=&#8221;bloc-footer-liens-image&#8221; _builder_version=&#8221;4.0.6&#8243; custom_margin=&#8221;-7px|||||&#8221; custom_padding=&#8221;25px|||||&#8221; border_width_bottom=&#8221;1px&#8221; border_color_bottom=&#8221;rgba(92,122,153,0.25)&#8221; locked=&#8221;off&#8221;][et_pb_row _builder_version=&#8221;3.25.3&#8243;][et_pb_column type=&#8221;4_4&#8243; _builder_version=&#8221;3.25.3&#8243;][et_pb_text _builder_version=&#8221;3.25.3&#8243; text_font=&#8221;||||||||&#8221; text_text_color=&#8221;#000000&#8243; header_font=&#8221;||||||||&#8221; header_text_align=&#8221;center&#8221; header_text_color=&#8221;#000000&#8243; header_2_font=&#8221;||||||||&#8221; header_2_text_color=&#8221;#000000&#8243; header_2_font_size=&#8221;40px&#8221; text_orientation=&#8221;center&#8221; custom_margin=&#8221;||10px&#8221; custom_padding=&#8221;||0px&#8221; custom_css_main_element=&#8221;display: flex;||justify-content: center;&#8221; text_text_align=&#8221;center&#8221;]<\/p>\n<h2 style=\"text-align: center;\"><strong>FIND OUT MORE<\/strong><\/h2>\n<p>[\/et_pb_text][et_pb_divider color=&#8221;#ffb622&#8243; divider_weight=&#8221;4px&#8221; _builder_version=&#8221;3.25.3&#8243; width=&#8221;8%&#8221; module_alignment=&#8221;center&#8221;][\/et_pb_divider][\/et_pb_column][\/et_pb_row][et_pb_row column_structure=&#8221;1_2,1_2&#8243; _builder_version=&#8221;3.25.3&#8243; width=&#8221;100%&#8221; max_width=&#8221;952px&#8221;][et_pb_column type=&#8221;1_2&#8243; _builder_version=&#8221;3.25.3&#8243;][et_pb_text _builder_version=&#8221;4.0.6&#8243; text_font=&#8221;||||||||&#8221; text_letter_spacing=&#8221;2px&#8221; header_font=&#8221;||||||||&#8221; header_text_align=&#8221;center&#8221; header_3_font=&#8221;||||||||&#8221; header_3_text_align=&#8221;center&#8221; header_3_text_color=&#8221;#ffffff&#8221; header_3_font_size=&#8221;30px&#8221; header_3_line_height=&#8221;30px&#8221; background_image=&#8221;https:\/\/www.geres.eu\/wp-content\/uploads\/2019\/10\/geres.nos-offres-de-service_entree.jpg&#8221; text_orientation=&#8221;center&#8221; min_height=&#8221;223px&#8221; custom_padding=&#8221;20px|20px|0px|20px||&#8221; custom_padding_tablet=&#8221;&#8221; custom_padding_phone=&#8221;&#8221; custom_padding_last_edited=&#8221;on|desktop&#8221; link_option_url=&#8221;https:\/\/www.geres.eu\/en\/our-actions\/service-provision\/&#8221; hover_enabled=&#8221;0&#8243; custom_css_main_element=&#8221;display: flex;||justify-content: center;||align-items: center;&#8221; text_text_align=&#8221;center&#8221;]<\/p>\n<h3 style=\"text-align: center;\"><strong>Service provision<br \/> <\/strong><\/h3>\n<p>[\/et_pb_text][\/et_pb_column][et_pb_column type=&#8221;1_2&#8243; _builder_version=&#8221;3.25.3&#8243;][et_pb_text _builder_version=&#8221;4.0.6&#8243; text_font=&#8221;||||||||&#8221; text_letter_spacing=&#8221;2px&#8221; header_font=&#8221;||||||||&#8221; header_text_align=&#8221;center&#8221; header_3_font=&#8221;||||||||&#8221; header_3_text_align=&#8221;center&#8221; header_3_text_color=&#8221;#ffffff&#8221; header_3_font_size=&#8221;30px&#8221; header_3_line_height=&#8221;40px&#8221; background_image=&#8221;https:\/\/www.geres.eu\/wp-content\/uploads\/2019\/10\/geres.nos-expertises.en-savoir-plus.jpg&#8221; text_orientation=&#8221;center&#8221; min_height=&#8221;223px&#8221; custom_padding=&#8221;20px|20px|0px|20px||&#8221; custom_padding_tablet=&#8221;&#8221; custom_padding_phone=&#8221;&#8221; custom_padding_last_edited=&#8221;on|desktop&#8221; link_option_url=&#8221;https:\/\/www.geres.eu\/en\/our-actions\/fields-of-expertise\/&#8221; hover_enabled=&#8221;0&#8243; custom_css_main_element=&#8221;display: flex;||justify-content: center;||align-items: center;&#8221; text_text_align=&#8221;center&#8221;]<\/p>\n<h3><strong>Fields of expertise<br \/> <\/strong><\/h3>\n<p>[\/et_pb_text][\/et_pb_column][\/et_pb_row][\/et_pb_section][et_pb_section fb_built=&#8221;1&#8243; module_class=&#8221;agir-en-faveur&#8221; _builder_version=&#8221;4.0.6&#8243; background_image=&#8221;https:\/\/www.geres.eu\/wp-content\/uploads\/2019\/07\/Group-14-1-1.svg&#8221; saved_tabs=&#8221;all&#8221; locked=&#8221;off&#8221;][et_pb_row _builder_version=&#8221;4.0.6&#8243; width=&#8221;90%&#8221; max_width=&#8221;1400px&#8221; custom_padding=&#8221;|20px||20px&#8221;][et_pb_column type=&#8221;4_4&#8243; _builder_version=&#8221;3.25.3&#8243;][et_pb_text _builder_version=&#8221;3.27.4&#8243; text_font=&#8221;||||||||&#8221; header_font=&#8221;||||||||&#8221; header_text_color=&#8221;#ffffff&#8221; header_font_size=&#8221;37px&#8221; header_line_height=&#8221;1.2em&#8221; header_2_font=&#8221;||||||||&#8221; header_3_font=&#8221;||||||||&#8221; header_3_text_align=&#8221;center&#8221; header_3_text_color=&#8221;#ffffff&#8221; header_3_font_size=&#8221;37px&#8221; header_3_line_height=&#8221;1.2em&#8221; header_3_font_size_tablet=&#8221;31px&#8221; header_3_font_size_phone=&#8221;28px&#8221; header_3_font_size_last_edited=&#8221;on|phone&#8221;]<\/p>\n<h3>VOUS SOUHAITEZ AGIR EN FAVEUR DE LA SOLIDARIT\u00c9<br \/>\nCLIMATIQUE ET SOUTENIR NOS ACTIONS ?<\/h3>\n<p>[\/et_pb_text][et_pb_text _builder_version=&#8221;3.25.3&#8243; text_font=&#8221;||||||||&#8221; text_text_color=&#8221;#ffffff&#8221; text_font_size=&#8221;20px&#8221; header_font=&#8221;||||||||&#8221; header_text_align=&#8221;center&#8221; text_orientation=&#8221;center&#8221; custom_padding_tablet=&#8221;|20px||20px&#8221; custom_padding_phone=&#8221;&#8221; custom_padding_last_edited=&#8221;on|tablet&#8221; custom_css_main_element=&#8221;display: flex;||justify-content:center;&#8221; text_text_align=&#8221;center&#8221;]<\/p>\n<p style=\"text-align: center;\">Dites-nous qui vous \u00eates et d\u00e9couvrez vos moyens d&#8217;action<\/p>\n<p>[\/et_pb_text][\/et_pb_column][\/et_pb_row][et_pb_row column_structure=&#8221;1_2,1_2&#8243; _builder_version=&#8221;3.25.3&#8243; width=&#8221;90%&#8221; max_width=&#8221;1400px&#8221; custom_margin=&#8221;||0px|&#8221; custom_padding=&#8221;||0px|0px&#8221;][et_pb_column type=&#8221;1_2&#8243; _builder_version=&#8221;3.25.3&#8243;][et_pb_code _builder_version=&#8221;4.0.6&#8243; background_color=&#8221;#ffffff&#8221; text_orientation=&#8221;center&#8221; custom_margin=&#8221;0px|-10px||0px&#8221; custom_padding=&#8221;|0px||0px&#8221;]<\/p>\n<div class=\"perso-onglet\"><!-- [et_pb_line_break_holder] --><!-- [et_pb_line_break_holder] --><\/p>\n<h4><!-- [et_pb_line_break_holder] -->    <strong>CITOYEN\u00b7NE\u00b7S<\/strong><!-- [et_pb_line_break_holder] --><\/h4>\n<p><!-- [et_pb_line_break_holder] --><!-- [et_pb_line_break_holder] -->    Parce que la Solidarit\u00e9 climatique est l\u2019affaire de toutes et tous, le Geres vous donne les cl\u00e9s pour passer \u00e0 l\u2019action.<!-- [et_pb_line_break_holder] --><!-- [et_pb_line_break_holder] -->  <a class=\"perso-onglet-button\" href=\"https:\/\/www.geres.eu\/en\/take-action\/citizens\/\">AGIR EN TANT QUE\u00a0CITOYEN\u00b7NE<\/a><!-- [et_pb_line_break_holder] --><!-- [et_pb_line_break_holder] --><\/div>\n<p>[\/et_pb_code][\/et_pb_column][et_pb_column type=&#8221;1_2&#8243; _builder_version=&#8221;3.25.3&#8243;][et_pb_code _builder_version=&#8221;3.25.3&#8243; background_color=&#8221;#ffffff&#8221; text_orientation=&#8221;center&#8221; custom_margin=&#8221;|||-10px&#8221;]<\/p>\n<div class=\"perso-onglet\"><!-- [et_pb_line_break_holder] --><!-- [et_pb_line_break_holder] --><\/p>\n<h4><!-- [et_pb_line_break_holder] -->    <strong>ENTREPRISES<\/strong><!-- [et_pb_line_break_holder] --><\/h4>\n<p><!-- [et_pb_line_break_holder] --><!-- [et_pb_line_break_holder] -->    En tant que dirigeant\u00b7e d&#8217;entreprise, employ\u00e9\u00b7e ou client\u00b7e responsable, vous avez le pouvoir d&#8217;agir au quotidien.<!-- [et_pb_line_break_holder] --><!-- [et_pb_line_break_holder] --><!-- [et_pb_line_break_holder] --><a class=\"perso-onglet-button\" href=\"https:\/\/www.geres.eu\/en\/take-action\/private-sector\/\">AGIR EN TANT QU&#8217;ENTREPRISE<\/a><!-- [et_pb_line_break_holder] --><!-- [et_pb_line_break_holder] --><\/div>\n<p>[\/et_pb_code][\/et_pb_column][\/et_pb_row][et_pb_row column_structure=&#8221;1_2,1_2&#8243; _builder_version=&#8221;3.25.3&#8243; width=&#8221;90%&#8221; max_width=&#8221;1400px&#8221;][et_pb_column type=&#8221;1_2&#8243; _builder_version=&#8221;3.25.3&#8243;][et_pb_code _builder_version=&#8221;3.25.3&#8243; background_color=&#8221;#ffffff&#8221; text_orientation=&#8221;center&#8221; custom_margin=&#8221;|-10px||&#8221;]<\/p>\n<div class=\"perso-onglet\"><!-- [et_pb_line_break_holder] --><!-- [et_pb_line_break_holder] --><\/p>\n<h4><!-- [et_pb_line_break_holder] -->    <strong>INSTITUTIONS &#038; COLLECTIVIT\u00c9S<\/strong><!-- [et_pb_line_break_holder] --><\/h4>\n<p><!-- [et_pb_line_break_holder] --><!-- [et_pb_line_break_holder] -->    Soutenez nos actions en France et \u00e0 l&#8217;international et devenez un acteur de la Solidarit\u00e9 climatique.<!-- [et_pb_line_break_holder] --><!-- [et_pb_line_break_holder] --><a class=\"perso-onglet-button\" href=\"https:\/\/www.geres.eu\/en\/take-action\/institutional-local-actors\/\">AGIR EN TANT QU&#8217;INSTITUTION<\/a><!-- [et_pb_line_break_holder] --><!-- [et_pb_line_break_holder] --><\/div>\n<p>[\/et_pb_code][\/et_pb_column][et_pb_column type=&#8221;1_2&#8243; _builder_version=&#8221;3.25.3&#8243;][et_pb_code _builder_version=&#8221;3.25.3&#8243; background_color=&#8221;#ffffff&#8221; text_orientation=&#8221;center&#8221; custom_margin=&#8221;|||-10px&#8221;]<\/p>\n<div class=\"perso-onglet\"><!-- [et_pb_line_break_holder] --><!-- [et_pb_line_break_holder] --><\/p>\n<h4><!-- [et_pb_line_break_holder] -->    <strong>FONDATIONS<\/strong><!-- [et_pb_line_break_holder] --><\/h4>\n<p><!-- [et_pb_line_break_holder] --><!-- [et_pb_line_break_holder] -->    En vous engageant aux c\u00f4t\u00e9s du Geres, vous contribuez \u00e0 la mise en \u0153uvre d\u2019actions innovantes et concr\u00e8tes.<!-- [et_pb_line_break_holder] --><!-- [et_pb_line_break_holder] --><a class=\"perso-onglet-button\" href=\"https:\/\/www.geres.eu\/en\/take-action\/foundations\/\">AGIR EN TANT QUE FONDATION<\/a><!-- [et_pb_line_break_holder] --><!-- [et_pb_line_break_holder] --><\/div>\n<p>[\/et_pb_code][\/et_pb_column][\/et_pb_row][et_pb_row _builder_version=&#8221;3.25.3&#8243;][et_pb_column type=&#8221;4_4&#8243; _builder_version=&#8221;3.25.3&#8243;][et_pb_code _builder_version=&#8221;4.0.6&#8243; text_orientation=&#8221;center&#8221; link_option_url=&#8221;#&#8221;]<a href=\"https:\/\/www.geres.eu\/en\/take-action\/contact\/\" class=\"contact\">AUTRE PROFIL ? CONTACTEZ-NOUS<\/a>[\/et_pb_code][\/et_pb_column][\/et_pb_row][\/et_pb_section]<\/p>\n","protected":false},"excerpt":{"rendered":"<p><div class=\"et_pb_module diba_header_article diba_header_article_0\">\n\t\t\t\t\n\t\t\t\t\n\t\t\t\t\n\t\t\t\t\n\t\t\t\t\n\t\t\t\t\n\t\t\t\t<div class=\"et_pb_module_inner\">\n\t\t\t\t\t<div class='header_article'>\n\t\t\t\t\t\t<div class='image_article' style='background-image: url()'><\/div>\n\t\t\t\t\t\t<span class='date'><\/span>\n\t\t\t\t\t\t<h1><\/h1>\n\t\t\t\t   <\/div>\n\t\t\t\t<\/div>\n\t\t\t<\/div><div class=\"et_pb_module bastad_breadcrumb bastad_breadcrumb_0\">\n\t\t\t\t\n\t\t\t\t\n\t\t\t\t\n\t\t\t\t\n\t\t\t\t\n\t\t\t\t\n\t\t\t\t<div class=\"et_pb_module_inner\">\n\t\t\t\t\t<div class='breadcrumb'><span property=\"itemListElement\" typeof=\"ListItem\"><a property=\"item\" typeof=\"WebPage\" title=\"Go to Geres.\" href=\"https:\/\/www.geres.eu\/en\/\" class=\"home\" aria-current=\"page\"><span property=\"name\"><i class=\"home-i\"><\/i><\/span><\/a><meta property=\"position\" content=\"1\"><\/span><\/div>\n\t\t\t\t<\/div>\n\t\t\t<\/div>Country \/ Year Senegal (2019) Client ADM Saint-Louis Summary and Geres Geres runs training for around 60 participants invited by the Municipal Development Agency (ADM) of St-Louis in Senegal. Main objectives The objective of the training is to provide participants with up-to-date keys to understanding which can optimize their [&hellip;]<\/p>\n","protected":false},"author":11,"featured_media":6530,"comment_status":"open","ping_status":"open","sticky":false,"template":"","format":"standard","meta":{"_acf_changed":false,"_et_pb_use_builder":"on","_et_pb_old_content":"","_et_gb_content_width":"","footnotes":""},"categories":[89],"tags":[],"class_list":["post-12567","post","type-post","status-publish","format-standard","has-post-thumbnail","hentry","category-references-en"],"acf":[],"yoast_head":"<!-- This site is optimized with the Yoast SEO plugin v25.6 - https:\/\/yoast.com\/wordpress\/plugins\/seo\/ -->\n<title>Facilitation of &quot;Mainstreaming the climate emergency and sustainable development goals in development projects and policies&quot; training - Geres<\/title>\n<meta name=\"robots\" content=\"index, follow, max-snippet:-1, max-image-preview:large, max-video-preview:-1\" \/>\n<link rel=\"canonical\" href=\"https:\/\/www.geres.eu\/en\/references-en\/climate-emergency-sustainable-development-development-projects-policies-training\/\" \/>\n<meta property=\"og:locale\" content=\"en_US\" \/>\n<meta property=\"og:type\" content=\"article\" \/>\n<meta property=\"og:title\" content=\"Facilitation of &quot;Mainstreaming the climate emergency and sustainable development goals in development projects and policies&quot; training - Geres\" \/>\n<meta property=\"og:description\" content=\"Country \/ Year Senegal (2019) Client ADM Saint-Louis Summary and Geres Geres runs training for around 60 participants invited by the Municipal Development Agency (ADM) of St-Louis in Senegal. Main objectives The objective of the training is to provide participants with up-to-date keys to understanding which can optimize their [&hellip;]\" \/>\n<meta property=\"og:url\" content=\"https:\/\/www.geres.eu\/en\/references-en\/climate-emergency-sustainable-development-development-projects-policies-training\/\" \/>\n<meta property=\"og:site_name\" content=\"Geres\" \/>\n<meta property=\"article:publisher\" content=\"https:\/\/www.facebook.com\/geres.asso\/\" \/>\n<meta property=\"article:published_time\" content=\"2019-12-19T16:01:19+00:00\" \/>\n<meta property=\"article:modified_time\" content=\"2019-12-20T10:54:10+00:00\" \/>\n<meta property=\"og:image\" content=\"https:\/\/www.geres.eu\/wp-content\/uploads\/2019\/11\/geres.references.jpg\" \/>\n\t<meta property=\"og:image:width\" content=\"1100\" \/>\n\t<meta property=\"og:image:height\" content=\"500\" \/>\n\t<meta property=\"og:image:type\" content=\"image\/jpeg\" \/>\n<meta name=\"twitter:card\" content=\"summary_large_image\" \/>\n<meta name=\"twitter:creator\" content=\"@Geres_fr\" \/>\n<meta name=\"twitter:site\" content=\"@Geres_fr\" \/>\n<meta name=\"twitter:label1\" content=\"Written by\" \/>\n\t<meta name=\"twitter:data1\" content=\"\" \/>\n\t<meta name=\"twitter:label2\" content=\"Est. reading time\" \/>\n\t<meta name=\"twitter:data2\" content=\"6 minutes\" \/>\n<script type=\"application\/ld+json\" class=\"yoast-schema-graph\">{\"@context\":\"https:\/\/schema.org\",\"@graph\":[{\"@type\":\"Article\",\"@id\":\"https:\/\/www.geres.eu\/en\/references-en\/climate-emergency-sustainable-development-development-projects-policies-training\/#article\",\"isPartOf\":{\"@id\":\"https:\/\/www.geres.eu\/en\/references-en\/climate-emergency-sustainable-development-development-projects-policies-training\/\"},\"author\":{\"name\":\"\",\"@id\":\"\"},\"headline\":\"Facilitation of &#8220;Mainstreaming the climate emergency and sustainable development goals in development projects and policies&#8221; training\",\"datePublished\":\"2019-12-19T16:01:19+00:00\",\"dateModified\":\"2019-12-20T10:54:10+00:00\",\"mainEntityOfPage\":{\"@id\":\"https:\/\/www.geres.eu\/en\/references-en\/climate-emergency-sustainable-development-development-projects-policies-training\/\"},\"wordCount\":1133,\"commentCount\":0,\"publisher\":{\"@id\":\"https:\/\/www.geres.eu\/en\/#organization\"},\"image\":{\"@id\":\"https:\/\/www.geres.eu\/en\/references-en\/climate-emergency-sustainable-development-development-projects-policies-training\/#primaryimage\"},\"thumbnailUrl\":\"https:\/\/www.geres.eu\/wp-content\/uploads\/2019\/11\/geres.references.jpg\",\"articleSection\":[\"References\"],\"inLanguage\":\"en-US\",\"potentialAction\":[{\"@type\":\"CommentAction\",\"name\":\"Comment\",\"target\":[\"https:\/\/www.geres.eu\/en\/references-en\/climate-emergency-sustainable-development-development-projects-policies-training\/#respond\"]}]},{\"@type\":\"WebPage\",\"@id\":\"https:\/\/www.geres.eu\/en\/references-en\/climate-emergency-sustainable-development-development-projects-policies-training\/\",\"url\":\"https:\/\/www.geres.eu\/en\/references-en\/climate-emergency-sustainable-development-development-projects-policies-training\/\",\"name\":\"Facilitation of \\\"Mainstreaming the climate emergency and sustainable development goals in development projects and policies\\\" training - Geres\",\"isPartOf\":{\"@id\":\"https:\/\/www.geres.eu\/en\/#website\"},\"primaryImageOfPage\":{\"@id\":\"https:\/\/www.geres.eu\/en\/references-en\/climate-emergency-sustainable-development-development-projects-policies-training\/#primaryimage\"},\"image\":{\"@id\":\"https:\/\/www.geres.eu\/en\/references-en\/climate-emergency-sustainable-development-development-projects-policies-training\/#primaryimage\"},\"thumbnailUrl\":\"https:\/\/www.geres.eu\/wp-content\/uploads\/2019\/11\/geres.references.jpg\",\"datePublished\":\"2019-12-19T16:01:19+00:00\",\"dateModified\":\"2019-12-20T10:54:10+00:00\",\"breadcrumb\":{\"@id\":\"https:\/\/www.geres.eu\/en\/references-en\/climate-emergency-sustainable-development-development-projects-policies-training\/#breadcrumb\"},\"inLanguage\":\"en-US\",\"potentialAction\":[{\"@type\":\"ReadAction\",\"target\":[\"https:\/\/www.geres.eu\/en\/references-en\/climate-emergency-sustainable-development-development-projects-policies-training\/\"]}]},{\"@type\":\"ImageObject\",\"inLanguage\":\"en-US\",\"@id\":\"https:\/\/www.geres.eu\/en\/references-en\/climate-emergency-sustainable-development-development-projects-policies-training\/#primaryimage\",\"url\":\"https:\/\/www.geres.eu\/wp-content\/uploads\/2019\/11\/geres.references.jpg\",\"contentUrl\":\"https:\/\/www.geres.eu\/wp-content\/uploads\/2019\/11\/geres.references.jpg\",\"width\":1100,\"height\":500},{\"@type\":\"BreadcrumbList\",\"@id\":\"https:\/\/www.geres.eu\/en\/references-en\/climate-emergency-sustainable-development-development-projects-policies-training\/#breadcrumb\",\"itemListElement\":[{\"@type\":\"ListItem\",\"position\":1,\"name\":\"Home\",\"item\":\"https:\/\/www.geres.eu\/en\/\"},{\"@type\":\"ListItem\",\"position\":2,\"name\":\"Facilitation of &#8220;Mainstreaming the climate emergency and sustainable development goals in development projects and policies&#8221; training\"}]},{\"@type\":\"WebSite\",\"@id\":\"https:\/\/www.geres.eu\/en\/#website\",\"url\":\"https:\/\/www.geres.eu\/en\/\",\"name\":\"Geres\",\"description\":\"Acting for climate solidarity\",\"publisher\":{\"@id\":\"https:\/\/www.geres.eu\/en\/#organization\"},\"potentialAction\":[{\"@type\":\"SearchAction\",\"target\":{\"@type\":\"EntryPoint\",\"urlTemplate\":\"https:\/\/www.geres.eu\/en\/?s={search_term_string}\"},\"query-input\":{\"@type\":\"PropertyValueSpecification\",\"valueRequired\":true,\"valueName\":\"search_term_string\"}}],\"inLanguage\":\"en-US\"},{\"@type\":\"Organization\",\"@id\":\"https:\/\/www.geres.eu\/en\/#organization\",\"name\":\"Geres\",\"url\":\"https:\/\/www.geres.eu\/en\/\",\"logo\":{\"@type\":\"ImageObject\",\"inLanguage\":\"en-US\",\"@id\":\"https:\/\/www.geres.eu\/en\/#\/schema\/logo\/image\/\",\"url\":\"https:\/\/www.geres.eu\/wp-content\/uploads\/2019\/10\/geres-logo-fr.png\",\"contentUrl\":\"https:\/\/www.geres.eu\/wp-content\/uploads\/2019\/10\/geres-logo-fr.png\",\"width\":139,\"height\":92,\"caption\":\"Geres\"},\"image\":{\"@id\":\"https:\/\/www.geres.eu\/en\/#\/schema\/logo\/image\/\"},\"sameAs\":[\"https:\/\/www.facebook.com\/geres.asso\/\",\"https:\/\/x.com\/Geres_fr\",\"https:\/\/fr.linkedin.com\/company\/geres\",\"https:\/\/www.youtube.com\/channel\/UCDAYdJgGXWW6kmtSeEuhNIQ\",\"https:\/\/fr.wikipedia.org\/wiki\/Geres\"]},{\"@type\":\"Person\",\"@id\":\"\"}]}<\/script>\n<!-- \/ Yoast SEO plugin. -->","yoast_head_json":{"title":"Facilitation of \"Mainstreaming the climate emergency and sustainable development goals in development projects and policies\" training - Geres","robots":{"index":"index","follow":"follow","max-snippet":"max-snippet:-1","max-image-preview":"max-image-preview:large","max-video-preview":"max-video-preview:-1"},"canonical":"https:\/\/www.geres.eu\/en\/references-en\/climate-emergency-sustainable-development-development-projects-policies-training\/","og_locale":"en_US","og_type":"article","og_title":"Facilitation of \"Mainstreaming the climate emergency and sustainable development goals in development projects and policies\" training - Geres","og_description":"Country \/ Year Senegal (2019) Client ADM Saint-Louis Summary and Geres Geres runs training for around 60 participants invited by the Municipal Development Agency (ADM) of St-Louis in Senegal. Main objectives The objective of the training is to provide participants with up-to-date keys to understanding which can optimize their [&hellip;]","og_url":"https:\/\/www.geres.eu\/en\/references-en\/climate-emergency-sustainable-development-development-projects-policies-training\/","og_site_name":"Geres","article_publisher":"https:\/\/www.facebook.com\/geres.asso\/","article_published_time":"2019-12-19T16:01:19+00:00","article_modified_time":"2019-12-20T10:54:10+00:00","og_image":[{"width":1100,"height":500,"url":"https:\/\/www.geres.eu\/wp-content\/uploads\/2019\/11\/geres.references.jpg","type":"image\/jpeg"}],"twitter_card":"summary_large_image","twitter_creator":"@Geres_fr","twitter_site":"@Geres_fr","twitter_misc":{"Written by":"","Est. reading time":"6 minutes"},"schema":{"@context":"https:\/\/schema.org","@graph":[{"@type":"Article","@id":"https:\/\/www.geres.eu\/en\/references-en\/climate-emergency-sustainable-development-development-projects-policies-training\/#article","isPartOf":{"@id":"https:\/\/www.geres.eu\/en\/references-en\/climate-emergency-sustainable-development-development-projects-policies-training\/"},"author":{"name":"","@id":""},"headline":"Facilitation of &#8220;Mainstreaming the climate emergency and sustainable development goals in development projects and policies&#8221; training","datePublished":"2019-12-19T16:01:19+00:00","dateModified":"2019-12-20T10:54:10+00:00","mainEntityOfPage":{"@id":"https:\/\/www.geres.eu\/en\/references-en\/climate-emergency-sustainable-development-development-projects-policies-training\/"},"wordCount":1133,"commentCount":0,"publisher":{"@id":"https:\/\/www.geres.eu\/en\/#organization"},"image":{"@id":"https:\/\/www.geres.eu\/en\/references-en\/climate-emergency-sustainable-development-development-projects-policies-training\/#primaryimage"},"thumbnailUrl":"https:\/\/www.geres.eu\/wp-content\/uploads\/2019\/11\/geres.references.jpg","articleSection":["References"],"inLanguage":"en-US","potentialAction":[{"@type":"CommentAction","name":"Comment","target":["https:\/\/www.geres.eu\/en\/references-en\/climate-emergency-sustainable-development-development-projects-policies-training\/#respond"]}]},{"@type":"WebPage","@id":"https:\/\/www.geres.eu\/en\/references-en\/climate-emergency-sustainable-development-development-projects-policies-training\/","url":"https:\/\/www.geres.eu\/en\/references-en\/climate-emergency-sustainable-development-development-projects-policies-training\/","name":"Facilitation of \"Mainstreaming the climate emergency and sustainable development goals in development projects and policies\" training - Geres","isPartOf":{"@id":"https:\/\/www.geres.eu\/en\/#website"},"primaryImageOfPage":{"@id":"https:\/\/www.geres.eu\/en\/references-en\/climate-emergency-sustainable-development-development-projects-policies-training\/#primaryimage"},"image":{"@id":"https:\/\/www.geres.eu\/en\/references-en\/climate-emergency-sustainable-development-development-projects-policies-training\/#primaryimage"},"thumbnailUrl":"https:\/\/www.geres.eu\/wp-content\/uploads\/2019\/11\/geres.references.jpg","datePublished":"2019-12-19T16:01:19+00:00","dateModified":"2019-12-20T10:54:10+00:00","breadcrumb":{"@id":"https:\/\/www.geres.eu\/en\/references-en\/climate-emergency-sustainable-development-development-projects-policies-training\/#breadcrumb"},"inLanguage":"en-US","potentialAction":[{"@type":"ReadAction","target":["https:\/\/www.geres.eu\/en\/references-en\/climate-emergency-sustainable-development-development-projects-policies-training\/"]}]},{"@type":"ImageObject","inLanguage":"en-US","@id":"https:\/\/www.geres.eu\/en\/references-en\/climate-emergency-sustainable-development-development-projects-policies-training\/#primaryimage","url":"https:\/\/www.geres.eu\/wp-content\/uploads\/2019\/11\/geres.references.jpg","contentUrl":"https:\/\/www.geres.eu\/wp-content\/uploads\/2019\/11\/geres.references.jpg","width":1100,"height":500},{"@type":"BreadcrumbList","@id":"https:\/\/www.geres.eu\/en\/references-en\/climate-emergency-sustainable-development-development-projects-policies-training\/#breadcrumb","itemListElement":[{"@type":"ListItem","position":1,"name":"Home","item":"https:\/\/www.geres.eu\/en\/"},{"@type":"ListItem","position":2,"name":"Facilitation of &#8220;Mainstreaming the climate emergency and sustainable development goals in development projects and policies&#8221; training"}]},{"@type":"WebSite","@id":"https:\/\/www.geres.eu\/en\/#website","url":"https:\/\/www.geres.eu\/en\/","name":"Geres","description":"Acting for climate solidarity","publisher":{"@id":"https:\/\/www.geres.eu\/en\/#organization"},"potentialAction":[{"@type":"SearchAction","target":{"@type":"EntryPoint","urlTemplate":"https:\/\/www.geres.eu\/en\/?s={search_term_string}"},"query-input":{"@type":"PropertyValueSpecification","valueRequired":true,"valueName":"search_term_string"}}],"inLanguage":"en-US"},{"@type":"Organization","@id":"https:\/\/www.geres.eu\/en\/#organization","name":"Geres","url":"https:\/\/www.geres.eu\/en\/","logo":{"@type":"ImageObject","inLanguage":"en-US","@id":"https:\/\/www.geres.eu\/en\/#\/schema\/logo\/image\/","url":"https:\/\/www.geres.eu\/wp-content\/uploads\/2019\/10\/geres-logo-fr.png","contentUrl":"https:\/\/www.geres.eu\/wp-content\/uploads\/2019\/10\/geres-logo-fr.png","width":139,"height":92,"caption":"Geres"},"image":{"@id":"https:\/\/www.geres.eu\/en\/#\/schema\/logo\/image\/"},"sameAs":["https:\/\/www.facebook.com\/geres.asso\/","https:\/\/x.com\/Geres_fr","https:\/\/fr.linkedin.com\/company\/geres","https:\/\/www.youtube.com\/channel\/UCDAYdJgGXWW6kmtSeEuhNIQ","https:\/\/fr.wikipedia.org\/wiki\/Geres"]},{"@type":"Person","@id":""}]}},"_links":{"self":[{"href":"https:\/\/www.geres.eu\/en\/wp-json\/wp\/v2\/posts\/12567"}],"collection":[{"href":"https:\/\/www.geres.eu\/en\/wp-json\/wp\/v2\/posts"}],"about":[{"href":"https:\/\/www.geres.eu\/en\/wp-json\/wp\/v2\/types\/post"}],"author":[{"embeddable":true,"href":"https:\/\/www.geres.eu\/en\/wp-json\/wp\/v2\/users\/11"}],"replies":[{"embeddable":true,"href":"https:\/\/www.geres.eu\/en\/wp-json\/wp\/v2\/comments?post=12567"}],"version-history":[{"count":6,"href":"https:\/\/www.geres.eu\/en\/wp-json\/wp\/v2\/posts\/12567\/revisions"}],"predecessor-version":[{"id":12900,"href":"https:\/\/www.geres.eu\/en\/wp-json\/wp\/v2\/posts\/12567\/revisions\/12900"}],"wp:featuredmedia":[{"embeddable":true,"href":"https:\/\/www.geres.eu\/en\/wp-json\/wp\/v2\/media\/6530"}],"wp:attachment":[{"href":"https:\/\/www.geres.eu\/en\/wp-json\/wp\/v2\/media?parent=12567"}],"wp:term":[{"taxonomy":"category","embeddable":true,"href":"https:\/\/www.geres.eu\/en\/wp-json\/wp\/v2\/categories?post=12567"},{"taxonomy":"post_tag","embeddable":true,"href":"https:\/\/www.geres.eu\/en\/wp-json\/wp\/v2\/tags?post=12567"}],"curies":[{"name":"wp","href":"https:\/\/api.w.org\/{rel}","templated":true}]}}