{"id":23861,"date":"2021-08-05T15:50:11","date_gmt":"2021-08-05T13:50:11","guid":{"rendered":"https:\/\/www.geres.eu\/uncategorized\/geres-hosted-by-the-un-to-share-gender-approach-to-energy\/"},"modified":"2021-08-05T16:48:52","modified_gmt":"2021-08-05T14:48:52","slug":"geres-hosted-by-the-un-to-share-gender-approach-to-energy","status":"publish","type":"post","link":"https:\/\/www.geres.eu\/en\/news\/analysis-and-opinion\/geres-hosted-by-the-un-to-share-gender-approach-to-energy\/","title":{"rendered":"Geres hosted by the United Nations Human Rights Council to share its gender approach to energy"},"content":{"rendered":"<p>[et_pb_section fb_built=&#8221;1&#8243; fullwidth=&#8221;on&#8221; _builder_version=&#8221;3.25.3&#8243;][diba_header_article _builder_version=&#8221;3.25.3&#8243; width=&#8221;1400px&#8221; max_width=&#8221;100%&#8221; module_alignment=&#8221;center&#8221; height=&#8221;505px&#8221;][\/diba_header_article][\/et_pb_section][et_pb_section fb_built=&#8221;1&#8243; _builder_version=&#8221;3.25.3&#8243; custom_padding=&#8221;0px|20px|0px|20px||&#8221; locked=&#8221;off&#8221;][et_pb_row _builder_version=&#8221;3.25.3&#8243; width=&#8221;90%&#8221; max_width=&#8221;1400px&#8221; custom_padding=&#8221;||0px|||&#8221;][et_pb_column type=&#8221;4_4&#8243; _builder_version=&#8221;3.25.3&#8243;][bastad_breadcrumb _builder_version=&#8221;3.25.3&#8243;][\/bastad_breadcrumb][\/et_pb_column][\/et_pb_row][et_pb_row _builder_version=&#8221;3.25.3&#8243; width=&#8221;100%&#8221; max_width=&#8221;1400px&#8221; custom_padding=&#8221;0px||12px|||&#8221; locked=&#8221;off&#8221;][et_pb_column type=&#8221;4_4&#8243; _builder_version=&#8221;3.25.3&#8243;][et_pb_text module_class=&#8221;introduction-guide&#8221; _builder_version=&#8221;4.9.4&#8243; text_font=&#8221;||||||||&#8221; text_text_color=&#8221;#000000&#8243; text_font_size=&#8221;24px&#8221; text_line_height=&#8221;1.65em&#8221; link_font=&#8221;||||||||&#8221; ul_font=&#8221;||||||||&#8221; ol_font=&#8221;||||||||&#8221; header_font=&#8221;||||||||&#8221; header_font_size=&#8221;29px&#8221; background_color=&#8221;#ffffff&#8221; background_image=&#8221;https:\/\/www.geres.eu\/wp-content\/uploads\/2019\/07\/BG-4.jpg&#8221; custom_padding=&#8221;60px|84px|29px|65px||&#8221; custom_padding_tablet=&#8221;40px|50px|40px|50px&#8221; custom_padding_phone=&#8221;|40px||40px&#8221; custom_padding_last_edited=&#8221;on|phone&#8221; text_font_size_tablet=&#8221;17px&#8221; text_font_size_phone=&#8221;17px&#8221; text_font_size_last_edited=&#8221;on|phone&#8221;]<\/p>\n<h1 style=\"text-align: center;\">For the 47th session of the Human Rights Council, Geres was invited to a conference involving several expert members of the UN&#8217;s Human Rights bodies and mechanisms and civil society organizations working in the fields of energy, climate change and women&#8217;s rights.<\/h1>\n<h1 style=\"text-align: center;\">Objective: To share our approach to gender in the field and put forward recommendations.<\/h1>\n<p>[\/et_pb_text][\/et_pb_column][\/et_pb_row][\/et_pb_section][et_pb_section fb_built=&#8221;1&#8243; _builder_version=&#8221;3.25.3&#8243; custom_padding=&#8221;0px|20px|25px|20px||&#8221; locked=&#8221;off&#8221;][et_pb_row module_class=&#8221;content-page-article&#8221; _builder_version=&#8221;3.25.3&#8243; width=&#8221;100%&#8221; max_width=&#8221;768px&#8221; custom_padding=&#8221;21px|||||&#8221; saved_tabs=&#8221;all&#8221; locked=&#8221;off&#8221;][et_pb_column type=&#8221;4_4&#8243; _builder_version=&#8221;3.25.3&#8243;][et_pb_text _builder_version=&#8221;4.9.4&#8243; custom_padding=&#8221;0px|0px|0px|0px||&#8221; custom_padding_tablet=&#8221;|0px||0px&#8221; custom_padding_phone=&#8221;&#8221; custom_padding_last_edited=&#8221;on|tablet&#8221;]<\/p>\n<h2><strong>Background<\/strong><\/h2>\n<p>Organized by the <a href=\"https:\/\/www.gi-escr.org\/\" target=\"_blank\" rel=\"noopener\">Global Initiative for Economic, Social and Cultural Rights<\/a> and supported by <a href=\"https:\/\/www.oxfammexico.org\/\" target=\"_blank\" rel=\"noopener\">Oxfam Mexico<\/a> and the <a href=\"https:\/\/paris.fes.de\/\" target=\"_blank\" rel=\"noopener\">Friedrich Ebert<\/a><span> Foundation<\/span><span>, <\/span><span>the online event aimed to create a genuine space for discussion where civil society organizations could share their<\/span> experiences in the field and encourage mutual learning.<\/p>\n<p>At a deeper level, there is a desire to strengthen links between experts and militants and promote the establishment of networks and policies with a view to obtaining accurate data on gender issues in the energy sector.<\/p>\n<p>In the presence of Melissa Upreti and Dorothy Estrada-Tank (both members of the \u00a0<a href=\"https:\/\/www.un.org\/fr\/\" target=\"_blank\" rel=\"noopener\">United Nations<\/a> Working Group on the issue of discrimination against women) and Heisoo Shin, (Member of the United Nations Committee on Economic, Social and Cultural Rights), Marina Dubois, Geres Inclusion and Energy Programme Officer, joined in the question-and-answer session.<\/p>\n<p><u>On the agenda<\/u>: solutions and concrete recommendations for ensuring women&#8217;s active and significant contribution to a fair energy transition.<\/p>\n<p>[\/et_pb_text][et_pb_image src=&#8221;https:\/\/www.geres.eu\/wp-content\/uploads\/2021\/07\/Geres-intervention-inclusion-genre-energie-avec-ONU.png&#8221; alt=&#8221;Geres intervention inclusion genre \u00e9nergie avec ONU&#8221; title_text=&#8221;Geres intervention inclusion genre \u00e9nergie avec ONU&#8221; _builder_version=&#8221;4.9.4&#8243; _module_preset=&#8221;default&#8221;][\/et_pb_image][et_pb_text _builder_version=&#8221;4.9.4&#8243; _module_preset=&#8221;default&#8221;]<\/p>\n<h2>TRANSCRIPTION OF THE INTERVIEW<\/h2>\n<p><em><strong>1\/ Question<\/strong><\/em><strong> \u2014 Geres is one of the few international non-governmental organizations seeking to mobilize communities and policy-makers around &#8220;climate solidarity&#8221; in Europe, Africa and Asia, making the energy transition a key focus. What does mainstreaming gender in the energy transition mean for you? <\/strong><\/p>\n<p><strong>M.D (Geres) \u2014 <\/strong>In our view, action is needed at every level to ensure that gender issues are taken into account in the energy transition.<\/p>\n<p>To start with, stereotypes need to be combated right from school and university level to ensure that girls do not hesitate to sign up for energy engineering courses. At the same time, the teaching staff also need to understand that women have just as much legitimacy as men in that field!<\/p>\n<p>At Geres, we are taking an increasing interest in the youth audience and vocational training sector to boost change as far upstream as possible.<\/p>\n<p>In Mali, Geres was recently invited to a cultural and artistic fusion festival to raise young people&#8217;s awareness of the role of energy in the agricultural value chain. Its involvement included a training session for young women and young men on photovoltaic energy.<\/p>\n<h3>Women need to be involved right from the design stage of technologies to make sure that their specific needs and aspirations are heard and that imaginative solutions are adopted on a long-term basis.<\/h3>\n<p>We know too that women must play a part in rolling out energy solutions because they are known and acknowledged as the best influencers when it comes to energy products, given that they are the primary users.<\/p>\n<blockquote>\n<p><a href=\"https:\/\/www.geres.eu\/en\/news\/project-news\/women-entrepreneurship-source-energy-in-rural-myanmar\/\" target=\"_blank\" rel=\"noopener\"><em>Read the article: Women&#8217;s entrepreneurship, a source of energy in rural Myanmar<\/em><\/a><\/p>\n<\/blockquote>\n<p>[\/et_pb_text][et_pb_image src=&#8221;https:\/\/www.geres.eu\/wp-content\/uploads\/2021\/07\/Impliquer-les-femmes-transition-energetique.png&#8221; alt=&#8221;Impliquer les femmes transition \u00e9nerg\u00e9tique&#8221; title_text=&#8221;Impliquer les femmes transition \u00e9nerg\u00e9tique&#8221; _builder_version=&#8221;4.9.4&#8243; _module_preset=&#8221;default&#8221;][\/et_pb_image][et_pb_text _builder_version=&#8221;4.9.4&#8243; _module_preset=&#8221;default&#8221;]<\/p>\n<h3>It is clearly imperative to promote women as decision-makers within energy projects.<\/h3>\n<p>Their participation must be ensured and their voices heard to ensure the relevance and effectiveness of any planned operation.<\/p>\n<blockquote>\n<p><a href=\"https:\/\/www.geres.eu\/en\/news\/project-news\/women-entrepreneurship-source-energy-in-rural-myanmar\/\" target=\"_blank\" rel=\"noopener\">Find out more about the project to promote women&#8217;s role in rural economic development in Mongolia<\/a><\/p>\n<\/blockquote>\n<p>Not forgetting the need to pay special attention to women heads of single-parent families, who make up the majority of low-income households around the world, so that they are not left out.<\/p>\n<p>[\/et_pb_text][et_pb_video src=&#8221;https:\/\/www.youtube.com\/watch?v=YG41Lyx_zrk&#8221; _builder_version=&#8221;4.9.4&#8243; _module_preset=&#8221;default&#8221;][\/et_pb_video][et_pb_text _builder_version=&#8221;4.9.4&#8243; _module_preset=&#8221;default&#8221; custom_padding=&#8221;6px|||||&#8221; hover_enabled=&#8221;0&#8243; sticky_enabled=&#8221;0&#8243;]<\/p>\n<p>And finally, making sure that data broken down by sex are collected to inform the formulation of energy policies.<\/p>\n<p><em><strong>2\/ Question \u2014<\/strong><\/em><strong>\u00a0How is Geres taking up the challenge of women&#8217;s participation in the field, in communities where gender often has a complex dimension?<\/strong><\/p>\n<p><strong>M.D (Geres) \u2014 <\/strong>We begin by raising our team&#8217;s awareness. First of all, they need to understand what gender means, how it differs from physiological traits, how it is a social construct varying from one country to another, which may evolve over time and which also depends on each person&#8217;s perceptions.<\/p>\n<p>The use of participatory methods such as games is a good way to get across a better understanding of what gender means!<\/p>\n<p>Once the notion has been grasped, we work together to identify how gender leads to inequalities between women and men, which factors influence and explain those inequalities and how they result in constraints on relations between women and men.<\/p>\n<blockquote>\n<p><a href=\"https:\/\/www.geres.eu\/en\/news\/analysis-and-opinion\/women-involvement-empowerment\/\" target=\"_blank\" rel=\"noopener\">Read the article: On involving women in their empowerment<\/a><\/p>\n<\/blockquote>\n<p>Because, when we have more understanding of the gender dimension of the lived situation of the communities with which we work, we are better equipped to identify opportunities to improve relations between women and men.<\/p>\n<p>After that, we only need to pull the appropriate levers to benefit everyone.<\/p>\n<p>&nbsp;<\/p>\n<h3>Looking for models within the communities or nearby is an effective strategy for encouraging girls and women to take part.<\/h3>\n<blockquote>\n<p><a href=\"https:\/\/www.geres.eu\/en\/news\/project-news\/women-commited-to-access-sustainable-legal-energy\/\" target=\"_blank\" rel=\"noopener\">Read the article: In Cambodia, women are rolling up their sleeves to access sustainable, legal energy<\/a><\/p>\n<\/blockquote>\n<p>[\/et_pb_text][et_pb_image src=&#8221;https:\/\/www.geres.eu\/wp-content\/uploads\/2019\/10\/header-page-campagne-climat-genre-2-scaled.jpg&#8221; title_text=&#8221;header-page-campagne-climat-genre-2&#8243; _builder_version=&#8221;4.9.4&#8243; _module_preset=&#8221;default&#8221;][\/et_pb_image][et_pb_text _builder_version=&#8221;4.9.4&#8243; _module_preset=&#8221;default&#8221;]<\/p>\n<h3>Men need to be mobilized to take part in promoting women&#8217;s participation, by showing them how their whole family will benefit: that&#8217;s a key factor in success.<\/h3>\n<p>At Geres, promotion of women&#8217;s entrepreneurship has been identified as a strategic means of reducing inequalities between women and men in connection with our operations.<\/p>\n<p>In Myanmar for example, we have begun to create a network of women to retail energy solutions in the dry zone of Myanmar, by facilitating peer-to-peer learning and developing sales kit manuals.<\/p>\n<blockquote>\n<p><a href=\"https:\/\/www.geres.eu\/en\/our-actions\/our-projects\/rural-energy-access-communities-households\/\" target=\"_blank\" rel=\"noopener\"><em>Find out more about the access to sustainable energy project in rural Myanmar<\/em><\/a><\/p>\n<\/blockquote>\n<p>We could also mention Mali, where we are providing appropriate support and access to finance for women entrepreneurs. Finally, in Morocco, we are going to facilitate the establishment of a network of women sellers of highly energy-efficient ovens and work with financial institutions to develop attractive credit solutions and encourage the acquisition of those ovens.<\/p>\n<p><em><strong>3\/ Question <\/strong><\/em><strong>\u2014 What, in your view, would be the key policy recommendations we should take up? <\/strong><\/p>\n<p><strong>M.D (Geres) \u2014 <\/strong>For us, it is vital to encourage gendered contextual analysis to help understand its complex dimension and identify the right change levers.<\/p>\n<h3>Empirical research also needs to be supported so that more evidence can be gathered to demonstrate the advantages of mainstreaming gender in the energy transition.<\/h3>\n<p>In conclusion, I also see this event as a very good tool for mutual aid, sharing, drawing inspiration and mobilizing. Organizing a large-scale campaign to promote women leaders in the energy transition is a way to make progress in effectively combating stereotypes and inspiring the girls and women of the world to join in the mobilization for a fair, sustainable energy transition.<\/p>\n<p>At Geres, we began this year by spotlighting the women committed to climate solidarity within our teams and partners. That was a great boost for them and our teams. We need to go on making their role more visible!<\/p>\n<p>[\/et_pb_text][et_pb_text _builder_version=&#8221;4.9.4&#8243; _module_preset=&#8221;default&#8221;]<\/p>\n<p><strong><em>\u00a0&#8212;&#8212;-<\/em><\/strong><\/p>\n<p><strong><em>The event, held on 14 July 2021, brought together:<\/em><\/strong><\/p>\n<p><u>Representatives of the Human Rights Council\u00a0:<\/u><\/p>\n<ul>\n<li>Melissa Upreti, member of the Working Group on discrimination against women in law and practice<\/li>\n<li>Dorothy Estrada-Tanck, member of the Working Group on discrimination against women in law and practice<\/li>\n<li>Heisoo Shin, member of the United Nations Committee on economic, social and cultural rights.<\/li>\n<\/ul>\n<p><u>Participants from civil society organizations: <\/u><\/p>\n<ul>\n<li>Irene Giner-Reichl, Global Women\u2019s Network for the Energy Transition<\/li>\n<li>Debajit Palit, TERI, The Energy and Resource Institute<\/li>\n<li>Lidija \u017div\u010di\u010d, member of the EmpowerMed consortium to which Geres also belongs.<\/li>\n<li>Marina Dubois, Geres Inclusion and Energy Programme Officer<\/li>\n<\/ul>\n<p><u>Moderators <\/u><\/p>\n<ul>\n<li>Magdalena Sep\u00falveda Carmona, Executive Director of GI-ESCR<\/li>\n<li>Alexandra Haas, Executive Director, Oxfam Mexico<\/li>\n<\/ul>\n<p>&nbsp;<\/p>\n<p>[\/et_pb_text][\/et_pb_column][\/et_pb_row][\/et_pb_section][et_pb_section fb_built=&#8221;1&#8243; module_class=&#8221;bloc-footer-liens-image&#8221; _builder_version=&#8221;4.0.6&#8243; custom_padding=&#8221;9px|||||&#8221; border_width_top=&#8221;1px&#8221; border_color_top=&#8221;rgba(92,122,153,0.25)&#8221; border_width_bottom=&#8221;1px&#8221; border_color_bottom=&#8221;rgba(92,122,153,0.25)&#8221; locked=&#8221;off&#8221;][et_pb_row _builder_version=&#8221;3.25.3&#8243;][et_pb_column type=&#8221;4_4&#8243; _builder_version=&#8221;3.25.3&#8243;][et_pb_text _builder_version=&#8221;4.9.4&#8243; text_font=&#8221;||||||||&#8221; text_text_color=&#8221;#000000&#8243; header_font=&#8221;||||||||&#8221; header_text_align=&#8221;center&#8221; header_text_color=&#8221;#000000&#8243; header_2_font=&#8221;||||||||&#8221; header_2_text_color=&#8221;#000000&#8243; header_2_font_size=&#8221;40px&#8221; text_orientation=&#8221;center&#8221; custom_margin=&#8221;||10px&#8221; custom_padding=&#8221;||0px&#8221; custom_css_main_element=&#8221;display: flex;||justify-content: center;&#8221; text_text_align=&#8221;center&#8221;]<\/p>\n<h2 style=\"text-align: center;\"><strong>FIND OUT MORE<\/strong><\/h2>\n<p>[\/et_pb_text][et_pb_divider color=&#8221;#ffb622&#8243; divider_weight=&#8221;4px&#8221; _builder_version=&#8221;3.25.3&#8243; width=&#8221;8%&#8221; module_alignment=&#8221;center&#8221;][\/et_pb_divider][\/et_pb_column][\/et_pb_row][et_pb_row column_structure=&#8221;1_2,1_2&#8243; _builder_version=&#8221;3.25.3&#8243; width=&#8221;100%&#8221; max_width=&#8221;952px&#8221;][et_pb_column type=&#8221;1_2&#8243; _builder_version=&#8221;3.25.3&#8243;][et_pb_text _builder_version=&#8221;4.9.4&#8243; text_font=&#8221;||||||||&#8221; text_letter_spacing=&#8221;2px&#8221; header_font=&#8221;||||||||&#8221; header_text_align=&#8221;center&#8221; header_3_font=&#8221;||||||||&#8221; header_3_text_align=&#8221;center&#8221; header_3_text_color=&#8221;#ffffff&#8221; header_3_font_size=&#8221;30px&#8221; header_3_line_height=&#8221;30px&#8221; background_image=&#8221;https:\/\/www.geres.eu\/wp-content\/uploads\/2019\/10\/geres.nos-expertises.en-savoir-plus.jpg&#8221; text_orientation=&#8221;center&#8221; min_height=&#8221;223px&#8221; custom_padding=&#8221;20px|20px|0px|20px||&#8221; custom_padding_tablet=&#8221;&#8221; custom_padding_phone=&#8221;&#8221; custom_padding_last_edited=&#8221;on|desktop&#8221; link_option_url=&#8221;https:\/\/www.geres.eu\/en\/our-actions\/fields-of-expertise\/&#8221; custom_css_main_element=&#8221;display: flex;||justify-content: center;||align-items: center;&#8221; text_text_align=&#8221;center&#8221;]<\/p>\n<h3 style=\"text-align: center;\"><strong>Our expertises<br \/><\/strong><\/h3>\n<p>[\/et_pb_text][\/et_pb_column][et_pb_column type=&#8221;1_2&#8243; _builder_version=&#8221;3.25.3&#8243;][et_pb_text _builder_version=&#8221;4.9.4&#8243; text_font=&#8221;||||||||&#8221; text_letter_spacing=&#8221;2px&#8221; header_font=&#8221;||||||||&#8221; header_text_align=&#8221;center&#8221; header_3_font=&#8221;||||||||&#8221; header_3_text_align=&#8221;center&#8221; header_3_text_color=&#8221;#ffffff&#8221; header_3_font_size=&#8221;30px&#8221; header_3_line_height=&#8221;40px&#8221; background_image=&#8221;https:\/\/www.geres.eu\/wp-content\/uploads\/2019\/10\/geres.guides-et-etudes-4-en-savoir-plus.jpg&#8221; text_orientation=&#8221;center&#8221; min_height=&#8221;223px&#8221; custom_padding=&#8221;20px|20px|0px|20px||&#8221; custom_padding_tablet=&#8221;&#8221; custom_padding_phone=&#8221;&#8221; custom_padding_last_edited=&#8221;on|desktop&#8221; link_option_url=&#8221;https:\/\/www.geres.eu\/en\/news\/guides-and-studies\/&#8221; custom_css_main_element=&#8221;display: flex;||justify-content: center;||align-items: center;&#8221; text_text_align=&#8221;center&#8221;]<\/p>\n<h3><strong>Guides and studies<br \/><\/strong><\/h3>\n<p>[\/et_pb_text][\/et_pb_column][\/et_pb_row][\/et_pb_section][et_pb_section fb_built=&#8221;1&#8243; module_class=&#8221;agir-en-faveur&#8221; _builder_version=&#8221;3.25.3&#8243; background_image=&#8221;https:\/\/www.geres.eu\/wp-content\/uploads\/2019\/07\/Group-14-1-1.svg&#8221; global_module=&#8221;13247&#8243; saved_tabs=&#8221;all&#8221; locked=&#8221;off&#8221;][et_pb_row _builder_version=&#8221;3.25.3&#8243; width=&#8221;90%&#8221; max_width=&#8221;1400px&#8221; custom_padding=&#8221;|20px||20px&#8221;][et_pb_column type=&#8221;4_4&#8243; _builder_version=&#8221;3.25.3&#8243;][et_pb_text _builder_version=&#8221;4.7.7&#8243; text_font=&#8221;||||||||&#8221; header_font=&#8221;||||||||&#8221; header_text_color=&#8221;#ffffff&#8221; header_font_size=&#8221;37px&#8221; header_line_height=&#8221;1.2em&#8221; header_2_font=&#8221;||||||||&#8221; header_3_font=&#8221;||||||||&#8221; header_3_text_align=&#8221;center&#8221; header_3_text_color=&#8221;#ffffff&#8221; header_3_font_size=&#8221;37px&#8221; header_3_line_height=&#8221;1.2em&#8221; header_3_font_size_tablet=&#8221;31px&#8221; header_3_font_size_phone=&#8221;28px&#8221; header_3_font_size_last_edited=&#8221;on|phone&#8221;]<\/p>\n<h3>WOULD YOU LIKE TO TAKE ACTION<br \/> AND <span>SUPPORT WHAT WE DO?<\/span><\/h3>\n<p>[\/et_pb_text][et_pb_text _builder_version=&#8221;4.0.6&#8243; text_font=&#8221;||||||||&#8221; text_text_color=&#8221;#ffffff&#8221; text_font_size=&#8221;20px&#8221; header_font=&#8221;||||||||&#8221; header_text_align=&#8221;center&#8221; text_orientation=&#8221;center&#8221; custom_padding_tablet=&#8221;|20px||20px&#8221; custom_padding_phone=&#8221;&#8221; custom_padding_last_edited=&#8221;on|tablet&#8221; custom_css_main_element=&#8221;display: flex;||justify-content:center;&#8221; text_text_align=&#8221;center&#8221;]<\/p>\n<p style=\"text-align: center;\">Tell us who you are and find your means of action.<\/p>\n<p>[\/et_pb_text][\/et_pb_column][\/et_pb_row][et_pb_row column_structure=&#8221;1_2,1_2&#8243; _builder_version=&#8221;3.25.3&#8243; width=&#8221;90%&#8221; max_width=&#8221;1400px&#8221; custom_margin=&#8221;||0px|&#8221; custom_padding=&#8221;||0px|0px&#8221;][et_pb_column type=&#8221;1_2&#8243; _builder_version=&#8221;3.25.3&#8243;][et_pb_code _builder_version=&#8221;4.0.6&#8243; background_color=&#8221;#ffffff&#8221; text_orientation=&#8221;center&#8221; custom_margin=&#8221;0px|-10px||0px&#8221; custom_padding=&#8221;|0px||0px&#8221;]<\/p>\n<div class=\"perso-onglet\"><!-- [et_pb_line_break_holder] --><!-- [et_pb_line_break_holder] --><\/p>\n<h4><!-- [et_pb_line_break_holder] -->    <strong>CITIZENS<\/strong><!-- [et_pb_line_break_holder] --><\/h4>\n<p><!-- [et_pb_line_break_holder] --><!-- [et_pb_line_break_holder] -->    Because Climate Solidarity is a challenge we face collectively, Geres gives you the possibility to make a difference.<!-- [et_pb_line_break_holder] --><!-- [et_pb_line_break_holder] -->  <a class=\"perso-onglet-button\" href=\"https:\/\/www.geres.eu\/en\/take-action\/citizens\/\">TAKE ACTION AS A CITIZEN<\/a><!-- [et_pb_line_break_holder] --><!-- [et_pb_line_break_holder] --><\/div>\n<p>[\/et_pb_code][\/et_pb_column][et_pb_column type=&#8221;1_2&#8243; _builder_version=&#8221;3.25.3&#8243;][et_pb_code _builder_version=&#8221;4.0.6&#8243; background_color=&#8221;#ffffff&#8221; text_orientation=&#8221;center&#8221; custom_margin=&#8221;|||-10px&#8221;]<\/p>\n<div class=\"perso-onglet\"><!-- [et_pb_line_break_holder] --><!-- [et_pb_line_break_holder] --><\/p>\n<h4><!-- [et_pb_line_break_holder] -->    <strong>PRIVATE SECTOR<\/strong><!-- [et_pb_line_break_holder] --><\/h4>\n<p><!-- [et_pb_line_break_holder] --><!-- [et_pb_line_break_holder] -->    As a business executive, an employee or a customer, you have the power to take action in your everyday life.<!-- [et_pb_line_break_holder] --><!-- [et_pb_line_break_holder] --><!-- [et_pb_line_break_holder] --><a class=\"perso-onglet-button\" href=\"https:\/\/www.geres.eu\/en\/take-action\/private-sector\/\">TAKE ACTION AS A COMPANY<\/a><!-- [et_pb_line_break_holder] --><!-- [et_pb_line_break_holder] --><\/div>\n<p>[\/et_pb_code][\/et_pb_column][\/et_pb_row][et_pb_row column_structure=&#8221;1_2,1_2&#8243; _builder_version=&#8221;3.25.3&#8243; width=&#8221;90%&#8221; max_width=&#8221;1400px&#8221;][et_pb_column type=&#8221;1_2&#8243; _builder_version=&#8221;3.25.3&#8243;][et_pb_code _builder_version=&#8221;4.0.6&#8243; background_color=&#8221;#ffffff&#8221; text_orientation=&#8221;center&#8221; custom_margin=&#8221;|-10px||&#8221;]<\/p>\n<div class=\"perso-onglet\"><!-- [et_pb_line_break_holder] --><!-- [et_pb_line_break_holder] --><\/p>\n<h4><!-- [et_pb_line_break_holder] -->    <strong>LOCAL AND INSTITUTIONAL ACTORS<\/strong><!-- [et_pb_line_break_holder] --><\/h4>\n<p><!-- [et_pb_line_break_holder] --><!-- [et_pb_line_break_holder] -->    Support our actions in France and internationally and become an agent of change at our side.<!-- [et_pb_line_break_holder] --><!-- [et_pb_line_break_holder] --><a class=\"perso-onglet-button\" href=\"https:\/\/www.geres.eu\/en\/take-action\/institutional-local-actors\/\">TAKE ACTION AS AN INSTITUTION<\/a><!-- [et_pb_line_break_holder] --><!-- [et_pb_line_break_holder] --><\/div>\n<p>[\/et_pb_code][\/et_pb_column][et_pb_column type=&#8221;1_2&#8243; _builder_version=&#8221;3.25.3&#8243;][et_pb_code _builder_version=&#8221;4.0.6&#8243; background_color=&#8221;#ffffff&#8221; text_orientation=&#8221;center&#8221; custom_margin=&#8221;|||-10px&#8221;]<\/p>\n<div class=\"perso-onglet\"><!-- [et_pb_line_break_holder] --><!-- [et_pb_line_break_holder] --><\/p>\n<h4><!-- [et_pb_line_break_holder] -->    <strong>FOUNDATIONS<\/strong><!-- [et_pb_line_break_holder] --><\/h4>\n<p><!-- [et_pb_line_break_holder] --><!-- [et_pb_line_break_holder] -->    By supporting Geres, you contribute to the implementation of innovative and concrete actions.<!-- [et_pb_line_break_holder] --><!-- [et_pb_line_break_holder] --><a class=\"perso-onglet-button\" href=\"https:\/\/www.geres.eu\/en\/take-action\/foundations\/\">TAKE ACTION AS A FOUNDATION<\/a><!-- [et_pb_line_break_holder] --><!-- [et_pb_line_break_holder] --><\/div>\n<p>[\/et_pb_code][\/et_pb_column][\/et_pb_row][et_pb_row _builder_version=&#8221;3.25.3&#8243;][et_pb_column type=&#8221;4_4&#8243; _builder_version=&#8221;3.25.3&#8243;][et_pb_code _builder_version=&#8221;4.0.6&#8243; text_orientation=&#8221;center&#8221; link_option_url=&#8221;#&#8221;]<a href=\"https:\/\/www.geres.eu\/en\/take-action\/contact\/\" class=\"contact-override\">OTHER PROFILE? CONTACT US.<\/a>[\/et_pb_code][\/et_pb_column][\/et_pb_row][\/et_pb_section]<\/p>\n","protected":false},"excerpt":{"rendered":"<p><div class=\"et_pb_module diba_header_article diba_header_article_0\">\n\t\t\t\t\n\t\t\t\t\n\t\t\t\t\n\t\t\t\t\n\t\t\t\t\n\t\t\t\t\n\t\t\t\t<div class=\"et_pb_module_inner\">\n\t\t\t\t\t<div class='header_article'>\n\t\t\t\t\t\t<div class='image_article' style='background-image: url()'><\/div>\n\t\t\t\t\t\t<span class='date'><\/span>\n\t\t\t\t\t\t<h1><\/h1>\n\t\t\t\t   <\/div>\n\t\t\t\t<\/div>\n\t\t\t<\/div><div class=\"et_pb_module bastad_breadcrumb bastad_breadcrumb_0\">\n\t\t\t\t\n\t\t\t\t\n\t\t\t\t\n\t\t\t\t\n\t\t\t\t\n\t\t\t\t\n\t\t\t\t<div class=\"et_pb_module_inner\">\n\t\t\t\t\t<div class='breadcrumb'><span property=\"itemListElement\" typeof=\"ListItem\"><a property=\"item\" typeof=\"WebPage\" title=\"Go to Geres.\" href=\"https:\/\/www.geres.eu\/en\/\" class=\"home\" aria-current=\"page\"><span property=\"name\"><i class=\"home-i\"><\/i><\/span><\/a><meta property=\"position\" content=\"1\"><\/span><\/div>\n\t\t\t\t<\/div>\n\t\t\t<\/div>For the 47th session of the Human Rights Council, Geres was invited to a conference involving several expert members of the UN&#8217;s Human Rights bodies and mechanisms and civil society organizations working in the fields of energy, climate change and women&#8217;s rights. Objective: To share our approach to gender [&hellip;]<\/p>\n","protected":false},"author":11,"featured_media":23692,"comment_status":"open","ping_status":"open","sticky":false,"template":"","format":"standard","meta":{"_acf_changed":false,"_et_pb_use_builder":"on","_et_pb_old_content":"","_et_gb_content_width":"","footnotes":""},"categories":[91],"tags":[],"class_list":["post-23861","post","type-post","status-publish","format-standard","has-post-thumbnail","hentry","category-analysis-and-opinion"],"acf":[],"yoast_head":"<!-- This site is optimized with the Yoast SEO plugin v25.6 - https:\/\/yoast.com\/wordpress\/plugins\/seo\/ -->\n<title>Geres hosted by the United Nations Human Rights Council to share its gender approach to energy - Geres<\/title>\n<meta name=\"robots\" content=\"index, follow, max-snippet:-1, max-image-preview:large, max-video-preview:-1\" \/>\n<link rel=\"canonical\" href=\"https:\/\/www.geres.eu\/en\/news\/analysis-and-opinion\/geres-hosted-by-the-un-to-share-gender-approach-to-energy\/\" \/>\n<meta property=\"og:locale\" content=\"en_US\" \/>\n<meta property=\"og:type\" content=\"article\" \/>\n<meta property=\"og:title\" content=\"Geres hosted by the United Nations Human Rights Council to share its gender approach to energy - Geres\" \/>\n<meta property=\"og:description\" content=\"For the 47th session of the Human Rights Council, Geres was invited to a conference involving several expert members of the UN&#039;s Human Rights bodies and mechanisms and civil society organizations working in the fields of energy, climate change and women&#039;s rights. Objective: To share our approach to gender [&hellip;]\" \/>\n<meta property=\"og:url\" content=\"https:\/\/www.geres.eu\/en\/news\/analysis-and-opinion\/geres-hosted-by-the-un-to-share-gender-approach-to-energy\/\" \/>\n<meta property=\"og:site_name\" content=\"Geres\" \/>\n<meta property=\"article:publisher\" content=\"https:\/\/www.facebook.com\/geres.asso\/\" \/>\n<meta property=\"article:published_time\" content=\"2021-08-05T13:50:11+00:00\" \/>\n<meta property=\"article:modified_time\" content=\"2021-08-05T14:48:52+00:00\" \/>\n<meta property=\"og:image\" content=\"https:\/\/www.geres.eu\/wp-content\/uploads\/2021\/07\/Le-Geres-entendu-par-ONU-pour-approche-genre.png\" \/>\n\t<meta property=\"og:image:width\" content=\"1100\" \/>\n\t<meta property=\"og:image:height\" content=\"500\" \/>\n\t<meta property=\"og:image:type\" content=\"image\/png\" \/>\n<meta name=\"twitter:card\" content=\"summary_large_image\" \/>\n<meta name=\"twitter:creator\" content=\"@Geres_fr\" \/>\n<meta name=\"twitter:site\" content=\"@Geres_fr\" \/>\n<meta name=\"twitter:label1\" content=\"Written by\" \/>\n\t<meta name=\"twitter:data1\" content=\"\" \/>\n\t<meta name=\"twitter:label2\" content=\"Est. reading time\" \/>\n\t<meta name=\"twitter:data2\" content=\"13 minutes\" \/>\n<script type=\"application\/ld+json\" class=\"yoast-schema-graph\">{\"@context\":\"https:\/\/schema.org\",\"@graph\":[{\"@type\":\"Article\",\"@id\":\"https:\/\/www.geres.eu\/en\/news\/analysis-and-opinion\/geres-hosted-by-the-un-to-share-gender-approach-to-energy\/#article\",\"isPartOf\":{\"@id\":\"https:\/\/www.geres.eu\/en\/news\/analysis-and-opinion\/geres-hosted-by-the-un-to-share-gender-approach-to-energy\/\"},\"author\":{\"name\":\"\",\"@id\":\"\"},\"headline\":\"Geres hosted by the United Nations Human Rights Council to share its gender approach to energy\",\"datePublished\":\"2021-08-05T13:50:11+00:00\",\"dateModified\":\"2021-08-05T14:48:52+00:00\",\"mainEntityOfPage\":{\"@id\":\"https:\/\/www.geres.eu\/en\/news\/analysis-and-opinion\/geres-hosted-by-the-un-to-share-gender-approach-to-energy\/\"},\"wordCount\":2541,\"commentCount\":0,\"publisher\":{\"@id\":\"https:\/\/www.geres.eu\/en\/#organization\"},\"image\":{\"@id\":\"https:\/\/www.geres.eu\/en\/news\/analysis-and-opinion\/geres-hosted-by-the-un-to-share-gender-approach-to-energy\/#primaryimage\"},\"thumbnailUrl\":\"https:\/\/www.geres.eu\/wp-content\/uploads\/2021\/07\/Le-Geres-entendu-par-ONU-pour-approche-genre.png\",\"articleSection\":[\"Analysis and opinion\"],\"inLanguage\":\"en-US\",\"potentialAction\":[{\"@type\":\"CommentAction\",\"name\":\"Comment\",\"target\":[\"https:\/\/www.geres.eu\/en\/news\/analysis-and-opinion\/geres-hosted-by-the-un-to-share-gender-approach-to-energy\/#respond\"]}]},{\"@type\":\"WebPage\",\"@id\":\"https:\/\/www.geres.eu\/en\/news\/analysis-and-opinion\/geres-hosted-by-the-un-to-share-gender-approach-to-energy\/\",\"url\":\"https:\/\/www.geres.eu\/en\/news\/analysis-and-opinion\/geres-hosted-by-the-un-to-share-gender-approach-to-energy\/\",\"name\":\"Geres hosted by the United Nations Human Rights Council to share its gender approach to energy - Geres\",\"isPartOf\":{\"@id\":\"https:\/\/www.geres.eu\/en\/#website\"},\"primaryImageOfPage\":{\"@id\":\"https:\/\/www.geres.eu\/en\/news\/analysis-and-opinion\/geres-hosted-by-the-un-to-share-gender-approach-to-energy\/#primaryimage\"},\"image\":{\"@id\":\"https:\/\/www.geres.eu\/en\/news\/analysis-and-opinion\/geres-hosted-by-the-un-to-share-gender-approach-to-energy\/#primaryimage\"},\"thumbnailUrl\":\"https:\/\/www.geres.eu\/wp-content\/uploads\/2021\/07\/Le-Geres-entendu-par-ONU-pour-approche-genre.png\",\"datePublished\":\"2021-08-05T13:50:11+00:00\",\"dateModified\":\"2021-08-05T14:48:52+00:00\",\"breadcrumb\":{\"@id\":\"https:\/\/www.geres.eu\/en\/news\/analysis-and-opinion\/geres-hosted-by-the-un-to-share-gender-approach-to-energy\/#breadcrumb\"},\"inLanguage\":\"en-US\",\"potentialAction\":[{\"@type\":\"ReadAction\",\"target\":[\"https:\/\/www.geres.eu\/en\/news\/analysis-and-opinion\/geres-hosted-by-the-un-to-share-gender-approach-to-energy\/\"]}]},{\"@type\":\"ImageObject\",\"inLanguage\":\"en-US\",\"@id\":\"https:\/\/www.geres.eu\/en\/news\/analysis-and-opinion\/geres-hosted-by-the-un-to-share-gender-approach-to-energy\/#primaryimage\",\"url\":\"https:\/\/www.geres.eu\/wp-content\/uploads\/2021\/07\/Le-Geres-entendu-par-ONU-pour-approche-genre.png\",\"contentUrl\":\"https:\/\/www.geres.eu\/wp-content\/uploads\/2021\/07\/Le-Geres-entendu-par-ONU-pour-approche-genre.png\",\"width\":1100,\"height\":500,\"caption\":\"Geres hosted by the United Nations Human Rights Council to share its gender approach to energy\"},{\"@type\":\"BreadcrumbList\",\"@id\":\"https:\/\/www.geres.eu\/en\/news\/analysis-and-opinion\/geres-hosted-by-the-un-to-share-gender-approach-to-energy\/#breadcrumb\",\"itemListElement\":[{\"@type\":\"ListItem\",\"position\":1,\"name\":\"Home\",\"item\":\"https:\/\/www.geres.eu\/en\/\"},{\"@type\":\"ListItem\",\"position\":2,\"name\":\"Geres hosted by the United Nations Human Rights Council to share its gender approach to energy\"}]},{\"@type\":\"WebSite\",\"@id\":\"https:\/\/www.geres.eu\/en\/#website\",\"url\":\"https:\/\/www.geres.eu\/en\/\",\"name\":\"Geres\",\"description\":\"Acting for climate solidarity\",\"publisher\":{\"@id\":\"https:\/\/www.geres.eu\/en\/#organization\"},\"potentialAction\":[{\"@type\":\"SearchAction\",\"target\":{\"@type\":\"EntryPoint\",\"urlTemplate\":\"https:\/\/www.geres.eu\/en\/?s={search_term_string}\"},\"query-input\":{\"@type\":\"PropertyValueSpecification\",\"valueRequired\":true,\"valueName\":\"search_term_string\"}}],\"inLanguage\":\"en-US\"},{\"@type\":\"Organization\",\"@id\":\"https:\/\/www.geres.eu\/en\/#organization\",\"name\":\"Geres\",\"url\":\"https:\/\/www.geres.eu\/en\/\",\"logo\":{\"@type\":\"ImageObject\",\"inLanguage\":\"en-US\",\"@id\":\"https:\/\/www.geres.eu\/en\/#\/schema\/logo\/image\/\",\"url\":\"https:\/\/www.geres.eu\/wp-content\/uploads\/2019\/10\/geres-logo-fr.png\",\"contentUrl\":\"https:\/\/www.geres.eu\/wp-content\/uploads\/2019\/10\/geres-logo-fr.png\",\"width\":139,\"height\":92,\"caption\":\"Geres\"},\"image\":{\"@id\":\"https:\/\/www.geres.eu\/en\/#\/schema\/logo\/image\/\"},\"sameAs\":[\"https:\/\/www.facebook.com\/geres.asso\/\",\"https:\/\/x.com\/Geres_fr\",\"https:\/\/fr.linkedin.com\/company\/geres\",\"https:\/\/www.youtube.com\/channel\/UCDAYdJgGXWW6kmtSeEuhNIQ\",\"https:\/\/fr.wikipedia.org\/wiki\/Geres\"]},{\"@type\":\"Person\",\"@id\":\"\"}]}<\/script>\n<!-- \/ Yoast SEO plugin. -->","yoast_head_json":{"title":"Geres hosted by the United Nations Human Rights Council to share its gender approach to energy - Geres","robots":{"index":"index","follow":"follow","max-snippet":"max-snippet:-1","max-image-preview":"max-image-preview:large","max-video-preview":"max-video-preview:-1"},"canonical":"https:\/\/www.geres.eu\/en\/news\/analysis-and-opinion\/geres-hosted-by-the-un-to-share-gender-approach-to-energy\/","og_locale":"en_US","og_type":"article","og_title":"Geres hosted by the United Nations Human Rights Council to share its gender approach to energy - Geres","og_description":"For the 47th session of the Human Rights Council, Geres was invited to a conference involving several expert members of the UN's Human Rights bodies and mechanisms and civil society organizations working in the fields of energy, climate change and women's rights. Objective: To share our approach to gender [&hellip;]","og_url":"https:\/\/www.geres.eu\/en\/news\/analysis-and-opinion\/geres-hosted-by-the-un-to-share-gender-approach-to-energy\/","og_site_name":"Geres","article_publisher":"https:\/\/www.facebook.com\/geres.asso\/","article_published_time":"2021-08-05T13:50:11+00:00","article_modified_time":"2021-08-05T14:48:52+00:00","og_image":[{"width":1100,"height":500,"url":"https:\/\/www.geres.eu\/wp-content\/uploads\/2021\/07\/Le-Geres-entendu-par-ONU-pour-approche-genre.png","type":"image\/png"}],"twitter_card":"summary_large_image","twitter_creator":"@Geres_fr","twitter_site":"@Geres_fr","twitter_misc":{"Written by":"","Est. reading time":"13 minutes"},"schema":{"@context":"https:\/\/schema.org","@graph":[{"@type":"Article","@id":"https:\/\/www.geres.eu\/en\/news\/analysis-and-opinion\/geres-hosted-by-the-un-to-share-gender-approach-to-energy\/#article","isPartOf":{"@id":"https:\/\/www.geres.eu\/en\/news\/analysis-and-opinion\/geres-hosted-by-the-un-to-share-gender-approach-to-energy\/"},"author":{"name":"","@id":""},"headline":"Geres hosted by the United Nations Human Rights Council to share its gender approach to energy","datePublished":"2021-08-05T13:50:11+00:00","dateModified":"2021-08-05T14:48:52+00:00","mainEntityOfPage":{"@id":"https:\/\/www.geres.eu\/en\/news\/analysis-and-opinion\/geres-hosted-by-the-un-to-share-gender-approach-to-energy\/"},"wordCount":2541,"commentCount":0,"publisher":{"@id":"https:\/\/www.geres.eu\/en\/#organization"},"image":{"@id":"https:\/\/www.geres.eu\/en\/news\/analysis-and-opinion\/geres-hosted-by-the-un-to-share-gender-approach-to-energy\/#primaryimage"},"thumbnailUrl":"https:\/\/www.geres.eu\/wp-content\/uploads\/2021\/07\/Le-Geres-entendu-par-ONU-pour-approche-genre.png","articleSection":["Analysis and opinion"],"inLanguage":"en-US","potentialAction":[{"@type":"CommentAction","name":"Comment","target":["https:\/\/www.geres.eu\/en\/news\/analysis-and-opinion\/geres-hosted-by-the-un-to-share-gender-approach-to-energy\/#respond"]}]},{"@type":"WebPage","@id":"https:\/\/www.geres.eu\/en\/news\/analysis-and-opinion\/geres-hosted-by-the-un-to-share-gender-approach-to-energy\/","url":"https:\/\/www.geres.eu\/en\/news\/analysis-and-opinion\/geres-hosted-by-the-un-to-share-gender-approach-to-energy\/","name":"Geres hosted by the United Nations Human Rights Council to share its gender approach to energy - Geres","isPartOf":{"@id":"https:\/\/www.geres.eu\/en\/#website"},"primaryImageOfPage":{"@id":"https:\/\/www.geres.eu\/en\/news\/analysis-and-opinion\/geres-hosted-by-the-un-to-share-gender-approach-to-energy\/#primaryimage"},"image":{"@id":"https:\/\/www.geres.eu\/en\/news\/analysis-and-opinion\/geres-hosted-by-the-un-to-share-gender-approach-to-energy\/#primaryimage"},"thumbnailUrl":"https:\/\/www.geres.eu\/wp-content\/uploads\/2021\/07\/Le-Geres-entendu-par-ONU-pour-approche-genre.png","datePublished":"2021-08-05T13:50:11+00:00","dateModified":"2021-08-05T14:48:52+00:00","breadcrumb":{"@id":"https:\/\/www.geres.eu\/en\/news\/analysis-and-opinion\/geres-hosted-by-the-un-to-share-gender-approach-to-energy\/#breadcrumb"},"inLanguage":"en-US","potentialAction":[{"@type":"ReadAction","target":["https:\/\/www.geres.eu\/en\/news\/analysis-and-opinion\/geres-hosted-by-the-un-to-share-gender-approach-to-energy\/"]}]},{"@type":"ImageObject","inLanguage":"en-US","@id":"https:\/\/www.geres.eu\/en\/news\/analysis-and-opinion\/geres-hosted-by-the-un-to-share-gender-approach-to-energy\/#primaryimage","url":"https:\/\/www.geres.eu\/wp-content\/uploads\/2021\/07\/Le-Geres-entendu-par-ONU-pour-approche-genre.png","contentUrl":"https:\/\/www.geres.eu\/wp-content\/uploads\/2021\/07\/Le-Geres-entendu-par-ONU-pour-approche-genre.png","width":1100,"height":500,"caption":"Geres hosted by the United Nations Human Rights Council to share its gender approach to energy"},{"@type":"BreadcrumbList","@id":"https:\/\/www.geres.eu\/en\/news\/analysis-and-opinion\/geres-hosted-by-the-un-to-share-gender-approach-to-energy\/#breadcrumb","itemListElement":[{"@type":"ListItem","position":1,"name":"Home","item":"https:\/\/www.geres.eu\/en\/"},{"@type":"ListItem","position":2,"name":"Geres hosted by the United Nations Human Rights Council to share its gender approach to energy"}]},{"@type":"WebSite","@id":"https:\/\/www.geres.eu\/en\/#website","url":"https:\/\/www.geres.eu\/en\/","name":"Geres","description":"Acting for climate solidarity","publisher":{"@id":"https:\/\/www.geres.eu\/en\/#organization"},"potentialAction":[{"@type":"SearchAction","target":{"@type":"EntryPoint","urlTemplate":"https:\/\/www.geres.eu\/en\/?s={search_term_string}"},"query-input":{"@type":"PropertyValueSpecification","valueRequired":true,"valueName":"search_term_string"}}],"inLanguage":"en-US"},{"@type":"Organization","@id":"https:\/\/www.geres.eu\/en\/#organization","name":"Geres","url":"https:\/\/www.geres.eu\/en\/","logo":{"@type":"ImageObject","inLanguage":"en-US","@id":"https:\/\/www.geres.eu\/en\/#\/schema\/logo\/image\/","url":"https:\/\/www.geres.eu\/wp-content\/uploads\/2019\/10\/geres-logo-fr.png","contentUrl":"https:\/\/www.geres.eu\/wp-content\/uploads\/2019\/10\/geres-logo-fr.png","width":139,"height":92,"caption":"Geres"},"image":{"@id":"https:\/\/www.geres.eu\/en\/#\/schema\/logo\/image\/"},"sameAs":["https:\/\/www.facebook.com\/geres.asso\/","https:\/\/x.com\/Geres_fr","https:\/\/fr.linkedin.com\/company\/geres","https:\/\/www.youtube.com\/channel\/UCDAYdJgGXWW6kmtSeEuhNIQ","https:\/\/fr.wikipedia.org\/wiki\/Geres"]},{"@type":"Person","@id":""}]}},"_links":{"self":[{"href":"https:\/\/www.geres.eu\/en\/wp-json\/wp\/v2\/posts\/23861"}],"collection":[{"href":"https:\/\/www.geres.eu\/en\/wp-json\/wp\/v2\/posts"}],"about":[{"href":"https:\/\/www.geres.eu\/en\/wp-json\/wp\/v2\/types\/post"}],"author":[{"embeddable":true,"href":"https:\/\/www.geres.eu\/en\/wp-json\/wp\/v2\/users\/11"}],"replies":[{"embeddable":true,"href":"https:\/\/www.geres.eu\/en\/wp-json\/wp\/v2\/comments?post=23861"}],"version-history":[{"count":9,"href":"https:\/\/www.geres.eu\/en\/wp-json\/wp\/v2\/posts\/23861\/revisions"}],"predecessor-version":[{"id":23874,"href":"https:\/\/www.geres.eu\/en\/wp-json\/wp\/v2\/posts\/23861\/revisions\/23874"}],"wp:featuredmedia":[{"embeddable":true,"href":"https:\/\/www.geres.eu\/en\/wp-json\/wp\/v2\/media\/23692"}],"wp:attachment":[{"href":"https:\/\/www.geres.eu\/en\/wp-json\/wp\/v2\/media?parent=23861"}],"wp:term":[{"taxonomy":"category","embeddable":true,"href":"https:\/\/www.geres.eu\/en\/wp-json\/wp\/v2\/categories?post=23861"},{"taxonomy":"post_tag","embeddable":true,"href":"https:\/\/www.geres.eu\/en\/wp-json\/wp\/v2\/tags?post=23861"}],"curies":[{"name":"wp","href":"https:\/\/api.w.org\/{rel}","templated":true}]}}