{"id":26276,"date":"2022-02-22T17:56:20","date_gmt":"2022-02-22T16:56:20","guid":{"rendered":"https:\/\/www.geres.eu\/uncategorized\/innovative-solutions-warm-homes-spark-initiatives-tajikistan\/"},"modified":"2022-02-24T14:54:48","modified_gmt":"2022-02-24T13:54:48","slug":"innovative-solutions-warm-homes-spark-initiatives-tajikistan","status":"publish","type":"post","link":"https:\/\/www.geres.eu\/en\/news\/project-news\/innovative-solutions-warm-homes-spark-initiatives-tajikistan\/","title":{"rendered":"Innovative solutions warm houses up and trigger initiatives in Tajikistan"},"content":{"rendered":"<p>[et_pb_section fb_built=&#8221;1&#8243; fullwidth=&#8221;on&#8221; _builder_version=&#8221;3.25.3&#8243;][diba_header_article _builder_version=&#8221;3.25.3&#8243; width=&#8221;1400px&#8221; max_width=&#8221;100%&#8221; module_alignment=&#8221;center&#8221; height=&#8221;505px&#8221;][\/diba_header_article][\/et_pb_section][et_pb_section fb_built=&#8221;1&#8243; _builder_version=&#8221;3.25.3&#8243; custom_padding=&#8221;0px|20px|0px|20px||&#8221; locked=&#8221;off&#8221;][et_pb_row _builder_version=&#8221;3.25.3&#8243; width=&#8221;90%&#8221; max_width=&#8221;1400px&#8221; custom_padding=&#8221;||0px|||&#8221;][et_pb_column type=&#8221;4_4&#8243; _builder_version=&#8221;3.25.3&#8243;][bastad_breadcrumb _builder_version=&#8221;3.25.3&#8243;][\/bastad_breadcrumb][\/et_pb_column][\/et_pb_row][et_pb_row _builder_version=&#8221;3.25.3&#8243; width=&#8221;100%&#8221; max_width=&#8221;1400px&#8221; custom_padding=&#8221;0px||12px|||&#8221; locked=&#8221;off&#8221;][et_pb_column type=&#8221;4_4&#8243; _builder_version=&#8221;3.25.3&#8243;][et_pb_text module_class=&#8221;introduction-guide&#8221; _builder_version=&#8221;4.9.4&#8243; text_font=&#8221;||||||||&#8221; text_text_color=&#8221;#000000&#8243; text_font_size=&#8221;24px&#8221; text_line_height=&#8221;1.65em&#8221; link_font=&#8221;||||||||&#8221; ul_font=&#8221;||||||||&#8221; ol_font=&#8221;||||||||&#8221; header_font=&#8221;||||||||&#8221; header_font_size=&#8221;29px&#8221; background_color=&#8221;#ffffff&#8221; background_image=&#8221;https:\/\/www.geres.eu\/wp-content\/uploads\/2019\/07\/BG-4.jpg&#8221; custom_padding=&#8221;60px|84px|29px|65px||&#8221; custom_padding_tablet=&#8221;40px|50px|40px|50px&#8221; custom_padding_phone=&#8221;|40px||40px&#8221; custom_padding_last_edited=&#8221;on|phone&#8221; text_font_size_tablet=&#8221;17px&#8221; text_font_size_phone=&#8221;17px&#8221; text_font_size_last_edited=&#8221;on|phone&#8221;]<\/p>\n<h1 style=\"text-align: center;\">Testimonials. In 2021, Geres is launching a new project on sustainable energy solutions for Tajik housing. Munisa and her father, beneficiaries of the first works implemented in their house, give us their feedback.<\/h1>\n<p>[\/et_pb_text][\/et_pb_column][\/et_pb_row][\/et_pb_section][et_pb_section fb_built=&#8221;1&#8243; _builder_version=&#8221;3.25.3&#8243; custom_padding=&#8221;0px|20px|25px|20px||&#8221; locked=&#8221;off&#8221;][et_pb_row module_class=&#8221;content-page-article&#8221; _builder_version=&#8221;3.25.3&#8243; width=&#8221;100%&#8221; max_width=&#8221;768px&#8221; custom_padding=&#8221;21px|||||&#8221; saved_tabs=&#8221;all&#8221; locked=&#8221;off&#8221;][et_pb_column type=&#8221;4_4&#8243; _builder_version=&#8221;3.25.3&#8243;][et_pb_text _builder_version=&#8221;4.9.4&#8243; custom_margin=&#8221;||35px|||&#8221; custom_padding=&#8221;0px|0px|0px|0px||&#8221; custom_padding_tablet=&#8221;|0px||0px&#8221; custom_padding_phone=&#8221;&#8221; custom_padding_last_edited=&#8221;on|tablet&#8221;]<\/p>\n<p>The sustainable housing project, launched last year, aims to improve the living conditions of vulnerable populations in rural areas and strengthen their livelihoods through innovative energy solutions.<\/p>\n<p>In the long term, these climate-resilient solutions should allow us to measure the impact and study the possibilities of replication on a larger scale in the country.<\/p>\n<blockquote>\n<p><a href=\"https:\/\/www.geres.eu\/en\/news\/project-news\/geres-kickstarts-scale-up-project-tajikistan\/\" target=\"_blank\" rel=\"noopener\"><em>Fint out more about the project: Geres kickstarts the Sustainable Housing Solutions for Scale-Up project in Tajikistan<\/em><\/a><\/p>\n<\/blockquote>\n<h2>Munisa&#8217;s family is among the first to benefit from Geres&#8217; energy solutions<\/h2>\n<p>Munisa, 17, and her father live in the Rudaki district of Gulisoy village in Tajikistan. Her family is one of the beneficiaries of the sustainable housing project. Last summer, Geres insulated the walls of one of the rooms in their house and installed a heat recovery unit to optimize heating and serve as a back-up oven.<\/p>\n<blockquote>\n<h4><em>&#8220;It was difficult to heat the room and our children had to sleep under thick, heavy comforters. Now we have a comfortable temperature while using much less wood. When we open the heat recovery unit, we can get extra heat, and not only just for cooking,&#8221; &#8211; testifies his father.<\/em><\/h4>\n<\/blockquote>\n<p>Munisa, for her part, has taken a liking to using the heat recovery unit for cooking in particular. Thanks to the efficiency of the object, the 17-year-old girl can now prepare food in the oven whenever she wants. This was not the case before, since the family used an electric stove.<\/p>\n<p>Another facility that makes a difference is the installation of a new improved cooking stove built as part of an apprenticeship program for women trained to build better cooking stove.<\/p>\n<p>[\/et_pb_text][et_pb_image src=&#8221;https:\/\/www.geres.eu\/wp-content\/uploads\/2022\/02\/Isolation-habitat-tadjikistan-temoignage-beneficiaire.png&#8221; alt=&#8221;Isolation habitat tadjikistan t\u00e9moignage b\u00e9n\u00e9ficiaire&#8221; title_text=&#8221;Isolation habitat tadjikistan t\u00e9moignage b\u00e9n\u00e9ficiaire&#8221; _builder_version=&#8221;4.9.4&#8243; _module_preset=&#8221;default&#8221; custom_padding=&#8221;||15px|||&#8221;][\/et_pb_image][et_pb_text _builder_version=&#8221;4.9.4&#8243; _module_preset=&#8221;default&#8221; custom_padding=&#8221;||13px|||&#8221;]<\/p>\n<h2>Energy solutions that inspire beneficiaries<\/h2>\n<p>When Geres team arrived to conduct an energy audit of the house, they discovered a second cooking stove built next to the first one already installed. The young girl, curious by nature, decided to build it by herself.<\/p>\n<p>A very rewarding step for a girl of her age, because there, the construction of stoves is mainly done by older women. And it is very difficult to find young women in the villages who want to participate in the training.<\/p>\n<blockquote>\n<h4><em>Munisa says, &#8220;When I came back from school, I noticed that they had built a new and improved stove in our summer kitchen. Out of curiosity, I studied the construction of this stove and the materials used. Then I asked my father to weld me a metal stove that is installed inside the stove.<\/em><\/h4>\n<h4><em>After that I built another stove for a smaller kazan (cauldron). The result was quite good. When the Geres staff came, they helped me to optimize the construction and encouraged me to take a training course with the craftswomen. It&#8217;s a real opportunity and I&#8217;m very happy about it.<\/em><\/h4>\n<\/blockquote>\n<p>Thanks to this first experience, Munisa will soon join a group of craftswomen to put her skills into practice. Her ambition is to learn more and gain additional experience in stove construction.<\/p>\n<p>&nbsp;<\/p>\n<p><h2>About our partners<\/h2>\n<p>The <strong><a href=\"https:\/\/www.eda.admin.ch\/sdc\" target=\"_blank\" rel=\"noopener\">Swiss Cooperation<\/a><\/strong> Office in Tajikistan represents the Government of Switzerland and supervises Swiss funded projects implemented in Tajikistan. There are two Swiss Federal Agencies working in the country, namely the Swiss Agency for Development and Cooperation (SDC) and the State Secretariat for Economic Affairs (SECO). Switzerland funds projects in the following domains: Water, infrastructure and climate change; Governance and Institution buildings; Employment and economic development. Additionally, the Swiss Cooperation in Tajikistan promotes arts and culture and supports small project from local organizations. The Government of Switzerland gives substantial contributions to the World Bank (WB), the European Bank for Reconstruction and Development (EBRD) and the United Nations system. Those organizations also support the Republic of Tajikistan.<\/p>\n<p><a href=\"https:\/\/www.fondation-abbe-pierre.fr\/\" target=\"_blank\" rel=\"noopener\"><strong>Abb\u00e9 Pierre Foundation<\/strong><\/a> is a private foundation created in 1990 that aims to enable people facing isolation and social and economic exclusion to access independent housing, a genuine &#8220;home&#8221;. The Foundation&#8217;s regional agencies support local operators seeking to develop the supply of housing accessible to the majority. Since 2011, the Abb\u00e9 Pierre Foundation has supported Geres work to combat energy poverty through improving the housing of poor communities in Central Asia.<\/p>\n<p>[\/et_pb_text][\/et_pb_column][\/et_pb_row][\/et_pb_section][et_pb_section fb_built=&#8221;1&#8243; disabled_on=&#8221;off|off|off&#8221; _builder_version=&#8221;3.25.3&#8243; custom_padding=&#8221;|20px||20px&#8221; border_width_top=&#8221;1px&#8221; border_color_top=&#8221;rgba(92,122,153,0.25)&#8221; border_width_bottom=&#8221;1px&#8221; border_color_bottom=&#8221;rgba(92,122,153,0.25)&#8221; locked=&#8221;off&#8221;][et_pb_row _builder_version=&#8221;3.25.3&#8243;][et_pb_column type=&#8221;4_4&#8243; _builder_version=&#8221;3.25.3&#8243;][et_pb_text _builder_version=&#8221;4.9.4&#8243; text_font=&#8221;||||||||&#8221; text_text_color=&#8221;#ffffff&#8221; header_font=&#8221;||||||||&#8221; header_text_align=&#8221;center&#8221; header_text_color=&#8221;#ffffff&#8221; header_2_font=&#8221;||||||||&#8221; header_2_text_color=&#8221;#ffffff&#8221; header_2_font_size=&#8221;40px&#8221; text_orientation=&#8221;center&#8221; custom_margin=&#8221;||10px&#8221; custom_padding=&#8221;||0px&#8221; custom_css_main_element=&#8221;display: flex;||justify-content: center;&#8221; text_text_align=&#8221;center&#8221;]<\/p>\n<h2 style=\"text-align: center;\"><span color=\"#000000\" style=\"color: #000000;\"><b>OUR PARTNERS<br \/><\/b><\/span><\/h2>\n<p>[\/et_pb_text][et_pb_divider color=&#8221;#ffb622&#8243; divider_weight=&#8221;4px&#8221; _builder_version=&#8221;3.25.3&#8243; width=&#8221;8%&#8221; module_alignment=&#8221;center&#8221;][\/et_pb_divider][\/et_pb_column][\/et_pb_row][et_pb_row column_structure=&#8221;1_3,1_3,1_3&#8243; _builder_version=&#8221;3.25.3&#8243; width=&#8221;100%&#8221; max_width=&#8221;952px&#8221; custom_padding=&#8221;0px|||||&#8221; locked=&#8221;off&#8221;][et_pb_column type=&#8221;1_3&#8243; _builder_version=&#8221;3.25.3&#8243;][diba_content_popup image=&#8221;https:\/\/www.geres.eu\/wp-content\/uploads\/2019\/10\/Fondation-Abbe\u0301-Pierre_LOGO-3.png&#8221; hover_content=&#8221;<br \/>\n&#8221; _builder_version=&#8221;4.9.4&#8243; locked=&#8221;off&#8221;][\/diba_content_popup][\/et_pb_column][et_pb_column type=&#8221;1_3&#8243; _builder_version=&#8221;3.25.3&#8243;][diba_content_popup image=&#8221;https:\/\/www.geres.eu\/wp-content\/uploads\/2022\/02\/Swiss-cooperation.png&#8221; hover_content=&#8221;<\/p>\n<p>&#8221; _builder_version=&#8221;4.9.4&#8243; min_height=&#8221;53.4px&#8221; custom_margin=&#8221;54px|||||&#8221; custom_padding=&#8221;||0px|||&#8221; hover_enabled=&#8221;0&#8243; locked=&#8221;off&#8221; alt=&#8221;Swiss cooperation&#8221; title_text=&#8221;Swiss cooperation&#8221; sticky_enabled=&#8221;0&#8243;][\/diba_content_popup][\/et_pb_column][et_pb_column type=&#8221;1_3&#8243; _builder_version=&#8221;3.25.3&#8243;][\/et_pb_column][\/et_pb_row][\/et_pb_section][et_pb_section fb_built=&#8221;1&#8243; disabled_on=&#8221;off|off|off&#8221; _builder_version=&#8221;3.25.3&#8243; custom_padding=&#8221;0px||4px|||&#8221; border_width_top=&#8221;1px&#8221; border_color_top=&#8221;rgba(92,122,153,0.25)&#8221; locked=&#8221;off&#8221;][et_pb_row _builder_version=&#8221;3.25.3&#8243; custom_margin=&#8221;||0px&#8221; custom_padding=&#8221;48px|20px|0px|20px||&#8221; locked=&#8221;off&#8221;][et_pb_column type=&#8221;4_4&#8243; _builder_version=&#8221;3.25.3&#8243;][et_pb_text _builder_version=&#8221;4.9.4&#8243; text_font=&#8221;||||||||&#8221; text_text_color=&#8221;#FFB622&#8243; text_font_size=&#8221;42px&#8221; text_line_height=&#8221;0em&#8221; ul_font=&#8221;||||||||&#8221; header_font=&#8221;||||||||&#8221; header_text_align=&#8221;center&#8221; header_2_font=&#8221;||||||||&#8221; header_2_text_align=&#8221;center&#8221; header_2_text_color=&#8221;#000000&#8243; header_2_font_size=&#8221;56px&#8221; text_orientation=&#8221;center&#8221; custom_margin=&#8221;24px||3px|0px||&#8221; custom_margin_tablet=&#8221;0px|||0px&#8221; custom_margin_phone=&#8221;&#8221; custom_margin_last_edited=&#8221;on|desktop&#8221; custom_padding=&#8221;||14px|||&#8221; header_2_text_align_tablet=&#8221;&#8221; header_2_text_align_phone=&#8221;center&#8221; header_2_text_align_last_edited=&#8221;on|phone&#8221; header_2_font_size_tablet=&#8221;47px&#8221; header_2_font_size_phone=&#8221;&#8221; header_2_font_size_last_edited=&#8221;on|tablet&#8221; custom_css_main_element=&#8221;display: flex;||justify-content:center;&#8221; text_text_align=&#8221;center&#8221;]<\/p>\n<h2>Geres news in Tajikistan<\/h2>\n<p>[\/et_pb_text][et_pb_divider color=&#8221;#ffb622&#8243; divider_weight=&#8221;4px&#8221; _builder_version=&#8221;3.25.3&#8243; width=&#8221;10%&#8221; module_alignment=&#8221;center&#8221; custom_margin=&#8221;-8px||0px&#8221; custom_padding=&#8221;||0px&#8221;][\/et_pb_divider][\/et_pb_column][\/et_pb_row][et_pb_row _builder_version=&#8221;3.25.3&#8243; width=&#8221;100%&#8221; max_width=&#8221;1400px&#8221;][et_pb_column type=&#8221;4_4&#8243; _builder_version=&#8221;3.25.3&#8243;][et_pb_dpfilterable_blog posts_number=&#8221;3&#8243; include_categories=&#8221;60&#8243; show_categories=&#8221;off&#8221; show_date=&#8221;on&#8221; meta_date=&#8221;j M Y&#8221; show_excerpt=&#8221;on&#8221; show_pagination=&#8221;off&#8221; use_overlay=&#8221;off&#8221; module_class=&#8221;no-filter&#8221; _builder_version=&#8221;3.25.3&#8243; filter_font=&#8221;|700|||||||&#8221; filter_font_size=&#8221;10px&#8221; filter_letter_spacing=&#8221;1px&#8221; filter_active_font=&#8221;||||||||&#8221; filter_active_font_size=&#8221;10px&#8221; title_font=&#8221;|700|||||||&#8221; title_font_size=&#8221;19px&#8221; caption_font=&#8221;||||||||&#8221; caption_text_color=&#8221;#568a6c&#8221; cf_label_font=&#8221;||||||||&#8221; excerpt_font=&#8221;||||||||&#8221; excerpt_font_size=&#8221;16px&#8221;][\/et_pb_dpfilterable_blog][et_pb_button button_url=&#8221;\/s-informer\/l-actualite-des-projets\/&#8221; button_text=&#8221;TOUTES NOS ACTUALIT\u00c9S&#8221; button_alignment=&#8221;center&#8221; _builder_version=&#8221;3.25.3&#8243; custom_button=&#8221;on&#8221; button_text_size=&#8221;14px&#8221; button_text_color=&#8221;#000000&#8243; button_border_color=&#8221;#FCBF00&#8243; button_border_radius=&#8221;0px&#8221; button_font=&#8221;||||||||&#8221; custom_padding=&#8221;12px|55px|12px|55px&#8221;][\/et_pb_button][\/et_pb_column][\/et_pb_row][\/et_pb_section][et_pb_section fb_built=&#8221;1&#8243; module_class=&#8221;bloc-footer-liens-image&#8221; _builder_version=&#8221;4.0.6&#8243; custom_padding=&#8221;31px|||||&#8221; border_width_bottom=&#8221;1px&#8221; border_color_bottom=&#8221;rgba(92,122,153,0.25)&#8221; locked=&#8221;off&#8221;][et_pb_row _builder_version=&#8221;3.25.3&#8243;][et_pb_column type=&#8221;4_4&#8243; _builder_version=&#8221;3.25.3&#8243;][et_pb_text _builder_version=&#8221;3.25.3&#8243; text_font=&#8221;||||||||&#8221; text_text_color=&#8221;#000000&#8243; header_font=&#8221;||||||||&#8221; header_text_align=&#8221;center&#8221; header_text_color=&#8221;#000000&#8243; header_2_font=&#8221;||||||||&#8221; header_2_text_color=&#8221;#000000&#8243; header_2_font_size=&#8221;40px&#8221; text_orientation=&#8221;center&#8221; custom_margin=&#8221;||10px&#8221; custom_padding=&#8221;||0px&#8221; custom_css_main_element=&#8221;display: flex;||justify-content: center;&#8221; text_text_align=&#8221;center&#8221;]<\/p>\n<h2 style=\"text-align: center;\"><strong>EN SAVOIR PLUS<\/strong><\/h2>\n<p>[\/et_pb_text][et_pb_divider color=&#8221;#ffb622&#8243; divider_weight=&#8221;4px&#8221; _builder_version=&#8221;3.25.3&#8243; width=&#8221;8%&#8221; module_alignment=&#8221;center&#8221;][\/et_pb_divider][\/et_pb_column][\/et_pb_row][et_pb_row column_structure=&#8221;1_2,1_2&#8243; _builder_version=&#8221;3.25.3&#8243; width=&#8221;100%&#8221; max_width=&#8221;952px&#8221;][et_pb_column type=&#8221;1_2&#8243; _builder_version=&#8221;3.25.3&#8243;][et_pb_text _builder_version=&#8221;4.6.5&#8243; text_font=&#8221;||||||||&#8221; text_letter_spacing=&#8221;2px&#8221; header_font=&#8221;||||||||&#8221; header_text_align=&#8221;center&#8221; header_3_font=&#8221;||||||||&#8221; header_3_text_align=&#8221;center&#8221; header_3_text_color=&#8221;#ffffff&#8221; header_3_font_size=&#8221;30px&#8221; header_3_line_height=&#8221;30px&#8221; background_image=&#8221;https:\/\/www.geres.eu\/wp-content\/uploads\/2019\/10\/geres-pays-intervention-tadjikistan-en-savoir-plus.jpg&#8221; text_orientation=&#8221;center&#8221; min_height=&#8221;223px&#8221; custom_padding=&#8221;20px|20px|0px|20px||&#8221; custom_padding_tablet=&#8221;&#8221; custom_padding_phone=&#8221;&#8221; custom_padding_last_edited=&#8221;on|desktop&#8221; link_option_url=&#8221;\/nos-actions\/nos-pays-dintervention\/tadjikistan\/&#8221; custom_css_main_element=&#8221;display: flex;||justify-content: center;||align-items: center;&#8221; text_text_align=&#8221;center&#8221;]<\/p>\n<h3 style=\"text-align: center;\"><strong>Tadjikistan<br \/> <\/strong><\/h3>\n<p>[\/et_pb_text][\/et_pb_column][et_pb_column type=&#8221;1_2&#8243; _builder_version=&#8221;3.25.3&#8243;][et_pb_text _builder_version=&#8221;3.25.3&#8243; text_font=&#8221;||||||||&#8221; text_letter_spacing=&#8221;2px&#8221; header_font=&#8221;||||||||&#8221; header_text_align=&#8221;center&#8221; header_3_font=&#8221;||||||||&#8221; header_3_text_align=&#8221;center&#8221; header_3_text_color=&#8221;#ffffff&#8221; header_3_font_size=&#8221;30px&#8221; header_3_line_height=&#8221;40px&#8221; background_image=&#8221;https:\/\/www.geres.eu\/wp-content\/uploads\/2019\/10\/geres.actualites-des-projets.en-savoir-plus.jpg&#8221; text_orientation=&#8221;center&#8221; min_height=&#8221;223px&#8221; custom_padding=&#8221;20px|20px|0px|20px||&#8221; custom_padding_tablet=&#8221;&#8221; custom_padding_phone=&#8221;&#8221; custom_padding_last_edited=&#8221;on|desktop&#8221; link_option_url=&#8221;\/s-informer\/l-actualite-des-projets\/&#8221; custom_css_main_element=&#8221;display: flex;||justify-content: center;||align-items: center;&#8221; text_text_align=&#8221;center&#8221;]<\/p>\n<h3><strong>L&#8217;actu des projets<br \/><\/strong><\/h3>\n<p>[\/et_pb_text][\/et_pb_column][\/et_pb_row][\/et_pb_section][et_pb_section fb_built=&#8221;1&#8243; module_class=&#8221;agir-en-faveur&#8221; _builder_version=&#8221;4.0.6&#8243; background_image=&#8221;https:\/\/www.geres.eu\/wp-content\/uploads\/2019\/07\/Group-14-1-1.svg&#8221; saved_tabs=&#8221;all&#8221; locked=&#8221;off&#8221;][et_pb_row _builder_version=&#8221;4.0.6&#8243; width=&#8221;90%&#8221; max_width=&#8221;1400px&#8221; custom_padding=&#8221;|20px||20px&#8221;][et_pb_column type=&#8221;4_4&#8243; _builder_version=&#8221;3.25.3&#8243;][et_pb_text _builder_version=&#8221;3.27.4&#8243; text_font=&#8221;||||||||&#8221; header_font=&#8221;||||||||&#8221; header_text_color=&#8221;#ffffff&#8221; header_font_size=&#8221;37px&#8221; header_line_height=&#8221;1.2em&#8221; header_2_font=&#8221;||||||||&#8221; header_3_font=&#8221;||||||||&#8221; header_3_text_align=&#8221;center&#8221; header_3_text_color=&#8221;#ffffff&#8221; header_3_font_size=&#8221;37px&#8221; header_3_line_height=&#8221;1.2em&#8221; header_3_font_size_tablet=&#8221;31px&#8221; header_3_font_size_phone=&#8221;28px&#8221; header_3_font_size_last_edited=&#8221;on|phone&#8221;]<\/p>\n<h3>VOUS SOUHAITEZ AGIR EN FAVEUR DE LA SOLIDARIT\u00c9<br \/> CLIMATIQUE ET <span>SOUTENIR NOS ACTIONS<\/span> ?<\/h3>\n<p>[\/et_pb_text][et_pb_text _builder_version=&#8221;3.25.3&#8243; text_font=&#8221;||||||||&#8221; text_text_color=&#8221;#ffffff&#8221; text_font_size=&#8221;20px&#8221; header_font=&#8221;||||||||&#8221; header_text_align=&#8221;center&#8221; text_orientation=&#8221;center&#8221; custom_padding_tablet=&#8221;|20px||20px&#8221; custom_padding_phone=&#8221;&#8221; custom_padding_last_edited=&#8221;on|tablet&#8221; custom_css_main_element=&#8221;display: flex;||justify-content:center;&#8221; text_text_align=&#8221;center&#8221;]<\/p>\n<p style=\"text-align: center;\">Dites-nous qui vous \u00eates et d\u00e9couvrez vos moyens d&#8217;action<\/p>\n<p>[\/et_pb_text][\/et_pb_column][\/et_pb_row][et_pb_row column_structure=&#8221;1_2,1_2&#8243; _builder_version=&#8221;3.25.3&#8243; width=&#8221;90%&#8221; max_width=&#8221;1400px&#8221; custom_margin=&#8221;||0px|&#8221; custom_padding=&#8221;||0px|0px&#8221;][et_pb_column type=&#8221;1_2&#8243; _builder_version=&#8221;3.25.3&#8243;][et_pb_text _builder_version=&#8221;4.0.6&#8243; custom_css_main_element=&#8221;background: white;&#8221;]<\/p>\n<div class=\"perso-onglet\">\n<h4><strong>CITOYEN\u00b7NE\u00b7S<\/strong><\/h4>\n<p>Parce que la Solidarit\u00e9 climatique est l\u2019affaire de toutes et tous, le Geres vous donne les cl\u00e9s pour passer \u00e0 l\u2019action.<\/p>\n<p><a class=\"perso-onglet-button\" href=\"\/jagis\/citoyen\/\">AGIR EN TANT QUE CITOYEN\u00b7NE<\/a>\n<\/div>\n<p>[\/et_pb_text][\/et_pb_column][et_pb_column type=&#8221;1_2&#8243; _builder_version=&#8221;3.25.3&#8243;][et_pb_text _builder_version=&#8221;4.0.6&#8243; custom_css_main_element=&#8221;background: white;&#8221;]<\/p>\n<div class=\"perso-onglet\">\n<h4>\n    <strong>ENTREPRISES<\/strong><br \/>\n<\/h4>\n<p>    En tant que dirigeant\u00b7e d&#8217;entreprise, employ\u00e9\u00b7e ou client\u00b7e responsable, vous avez le pouvoir d&#8217;agir au quotidien.<\/p>\n<p><a class=\"perso-onglet-button\" href=\"\/jagis\/entreprises\/\">AGIR EN TANT QU&#8217;ENTREPRISE<\/a><\/p>\n<\/div>\n<p>[\/et_pb_text][\/et_pb_column][\/et_pb_row][et_pb_row column_structure=&#8221;1_2,1_2&#8243; _builder_version=&#8221;3.25.3&#8243; width=&#8221;90%&#8221; max_width=&#8221;1400px&#8221;][et_pb_column type=&#8221;1_2&#8243; _builder_version=&#8221;3.25.3&#8243;][et_pb_text admin_label=&#8221;Texte&#8221; _builder_version=&#8221;4.0.6&#8243; custom_css_main_element=&#8221;background: white;&#8221;]<\/p>\n<div class=\"perso-onglet\">\n<h4><strong>INSTITUTIONS &amp; COLLECTIVIT\u00c9S<\/strong><\/h4>\n<p>Soutenez nos actions en France et \u00e0 l&#8217;international et devenez un acteur de la Solidarit\u00e9 climatique.<\/p>\n<p><a class=\"perso-onglet-button\" href=\"\/jagis\/institutions-et-collectivites\/\">AGIR EN TANT QU&#8217;INSTITUTION<\/a><\/p>\n<\/div>\n<p>[\/et_pb_text][\/et_pb_column][et_pb_column type=&#8221;1_2&#8243; _builder_version=&#8221;3.25.3&#8243;][et_pb_text _builder_version=&#8221;4.0.6&#8243; custom_css_main_element=&#8221;background: white;&#8221;]<\/p>\n<div class=\"perso-onglet\">\n<h4>\n<strong>FONDATIONS<\/strong><br \/>\n<\/h4>\n<p>En vous engageant aux c\u00f4t\u00e9s du Geres, vous contribuez \u00e0 la mise en \u0153uvre d\u2019actions innovantes et concr\u00e8tes.<\/p>\n<p><a class=\"perso-onglet-button\" href=\"\/jagis\/fondations\/\">AGIR EN TANT QUE FONDATION<\/a>\n<\/div>\n<p>[\/et_pb_text][\/et_pb_column][\/et_pb_row][et_pb_row _builder_version=&#8221;3.25.3&#8243;][et_pb_column type=&#8221;4_4&#8243; _builder_version=&#8221;3.25.3&#8243;][et_pb_code _builder_version=&#8221;4.0.6&#8243; text_orientation=&#8221;center&#8221; link_option_url=&#8221;#&#8221;]<a href=\"\/jagis\/contactez-nous\/\" class=\"contact-override\">AUTRE PROFIL ? CONTACTEZ-NOUS<\/a>[\/et_pb_code][\/et_pb_column][\/et_pb_row][\/et_pb_section]<\/p>\n","protected":false},"excerpt":{"rendered":"<p><div class=\"et_pb_module diba_header_article diba_header_article_0\">\n\t\t\t\t\n\t\t\t\t\n\t\t\t\t\n\t\t\t\t\n\t\t\t\t\n\t\t\t\t\n\t\t\t\t<div class=\"et_pb_module_inner\">\n\t\t\t\t\t<div class='header_article'>\n\t\t\t\t\t\t<div class='image_article' style='background-image: url()'><\/div>\n\t\t\t\t\t\t<span class='date'><\/span>\n\t\t\t\t\t\t<h1><\/h1>\n\t\t\t\t   <\/div>\n\t\t\t\t<\/div>\n\t\t\t<\/div><div class=\"et_pb_module bastad_breadcrumb bastad_breadcrumb_0\">\n\t\t\t\t\n\t\t\t\t\n\t\t\t\t\n\t\t\t\t\n\t\t\t\t\n\t\t\t\t\n\t\t\t\t<div class=\"et_pb_module_inner\">\n\t\t\t\t\t<div class='breadcrumb'><span property=\"itemListElement\" typeof=\"ListItem\"><a property=\"item\" typeof=\"WebPage\" title=\"Go to Geres.\" href=\"https:\/\/www.geres.eu\/en\/\" class=\"home\" aria-current=\"page\"><span property=\"name\"><i class=\"home-i\"><\/i><\/span><\/a><meta property=\"position\" content=\"1\"><\/span><\/div>\n\t\t\t\t<\/div>\n\t\t\t<\/div>Testimonials. In 2021, Geres is launching a new project on sustainable energy solutions for Tajik housing. Munisa and her father, beneficiaries of the first works implemented in their house, give us their feedback.The sustainable housing project, launched last year, aims to improve the living conditions of vulnerable populations in [&hellip;]<\/p>\n","protected":false},"author":11,"featured_media":26261,"comment_status":"open","ping_status":"open","sticky":false,"template":"","format":"standard","meta":{"_acf_changed":false,"_et_pb_use_builder":"on","_et_pb_old_content":"","_et_gb_content_width":"","footnotes":""},"categories":[92],"tags":[],"class_list":["post-26276","post","type-post","status-publish","format-standard","has-post-thumbnail","hentry","category-project-news","post-states-tadjikistan-en"],"acf":[],"yoast_head":"<!-- This site is optimized with the Yoast SEO plugin v25.6 - https:\/\/yoast.com\/wordpress\/plugins\/seo\/ -->\n<title>Innovative solutions warm houses up and trigger initiatives in Tajikistan - Geres<\/title>\n<meta name=\"robots\" content=\"index, follow, max-snippet:-1, max-image-preview:large, max-video-preview:-1\" \/>\n<link rel=\"canonical\" href=\"https:\/\/www.geres.eu\/en\/news\/project-news\/innovative-solutions-warm-homes-spark-initiatives-tajikistan\/\" \/>\n<meta property=\"og:locale\" content=\"en_US\" \/>\n<meta property=\"og:type\" content=\"article\" \/>\n<meta property=\"og:title\" content=\"Innovative solutions warm houses up and trigger initiatives in Tajikistan - Geres\" \/>\n<meta property=\"og:description\" content=\"Testimonials. In 2021, Geres is launching a new project on sustainable energy solutions for Tajik housing. Munisa and her father, beneficiaries of the first works implemented in their house, give us their feedback.The sustainable housing project, launched last year, aims to improve the living conditions of vulnerable populations in [&hellip;]\" \/>\n<meta property=\"og:url\" content=\"https:\/\/www.geres.eu\/en\/news\/project-news\/innovative-solutions-warm-homes-spark-initiatives-tajikistan\/\" \/>\n<meta property=\"og:site_name\" content=\"Geres\" \/>\n<meta property=\"article:publisher\" content=\"https:\/\/www.facebook.com\/geres.asso\/\" \/>\n<meta property=\"article:published_time\" content=\"2022-02-22T16:56:20+00:00\" \/>\n<meta property=\"article:modified_time\" content=\"2022-02-24T13:54:48+00:00\" \/>\n<meta property=\"og:image\" content=\"https:\/\/www.geres.eu\/wp-content\/uploads\/2022\/02\/Des-solutions-innovantes-rechauffent-les-maisons-et-suscitent-des-initiatives-au-Tadjikistan.png\" \/>\n\t<meta property=\"og:image:width\" content=\"1100\" \/>\n\t<meta property=\"og:image:height\" content=\"500\" \/>\n\t<meta property=\"og:image:type\" content=\"image\/png\" \/>\n<meta name=\"twitter:card\" content=\"summary_large_image\" \/>\n<meta name=\"twitter:creator\" content=\"@Geres_fr\" \/>\n<meta name=\"twitter:site\" content=\"@Geres_fr\" \/>\n<meta name=\"twitter:label1\" content=\"Written by\" \/>\n\t<meta name=\"twitter:data1\" content=\"\" \/>\n\t<meta name=\"twitter:label2\" content=\"Est. reading time\" \/>\n\t<meta name=\"twitter:data2\" content=\"12 minutes\" \/>\n<script type=\"application\/ld+json\" class=\"yoast-schema-graph\">{\"@context\":\"https:\/\/schema.org\",\"@graph\":[{\"@type\":\"Article\",\"@id\":\"https:\/\/www.geres.eu\/en\/news\/project-news\/innovative-solutions-warm-homes-spark-initiatives-tajikistan\/#article\",\"isPartOf\":{\"@id\":\"https:\/\/www.geres.eu\/en\/news\/project-news\/innovative-solutions-warm-homes-spark-initiatives-tajikistan\/\"},\"author\":{\"name\":\"\",\"@id\":\"\"},\"headline\":\"Innovative solutions warm houses up and trigger initiatives in Tajikistan\",\"datePublished\":\"2022-02-22T16:56:20+00:00\",\"dateModified\":\"2022-02-24T13:54:48+00:00\",\"mainEntityOfPage\":{\"@id\":\"https:\/\/www.geres.eu\/en\/news\/project-news\/innovative-solutions-warm-homes-spark-initiatives-tajikistan\/\"},\"wordCount\":2429,\"commentCount\":0,\"publisher\":{\"@id\":\"https:\/\/www.geres.eu\/en\/#organization\"},\"image\":{\"@id\":\"https:\/\/www.geres.eu\/en\/news\/project-news\/innovative-solutions-warm-homes-spark-initiatives-tajikistan\/#primaryimage\"},\"thumbnailUrl\":\"https:\/\/www.geres.eu\/wp-content\/uploads\/2022\/02\/Des-solutions-innovantes-rechauffent-les-maisons-et-suscitent-des-initiatives-au-Tadjikistan.png\",\"articleSection\":[\"Project news\"],\"inLanguage\":\"en-US\",\"potentialAction\":[{\"@type\":\"CommentAction\",\"name\":\"Comment\",\"target\":[\"https:\/\/www.geres.eu\/en\/news\/project-news\/innovative-solutions-warm-homes-spark-initiatives-tajikistan\/#respond\"]}]},{\"@type\":\"WebPage\",\"@id\":\"https:\/\/www.geres.eu\/en\/news\/project-news\/innovative-solutions-warm-homes-spark-initiatives-tajikistan\/\",\"url\":\"https:\/\/www.geres.eu\/en\/news\/project-news\/innovative-solutions-warm-homes-spark-initiatives-tajikistan\/\",\"name\":\"Innovative solutions warm houses up and trigger initiatives in Tajikistan - Geres\",\"isPartOf\":{\"@id\":\"https:\/\/www.geres.eu\/en\/#website\"},\"primaryImageOfPage\":{\"@id\":\"https:\/\/www.geres.eu\/en\/news\/project-news\/innovative-solutions-warm-homes-spark-initiatives-tajikistan\/#primaryimage\"},\"image\":{\"@id\":\"https:\/\/www.geres.eu\/en\/news\/project-news\/innovative-solutions-warm-homes-spark-initiatives-tajikistan\/#primaryimage\"},\"thumbnailUrl\":\"https:\/\/www.geres.eu\/wp-content\/uploads\/2022\/02\/Des-solutions-innovantes-rechauffent-les-maisons-et-suscitent-des-initiatives-au-Tadjikistan.png\",\"datePublished\":\"2022-02-22T16:56:20+00:00\",\"dateModified\":\"2022-02-24T13:54:48+00:00\",\"breadcrumb\":{\"@id\":\"https:\/\/www.geres.eu\/en\/news\/project-news\/innovative-solutions-warm-homes-spark-initiatives-tajikistan\/#breadcrumb\"},\"inLanguage\":\"en-US\",\"potentialAction\":[{\"@type\":\"ReadAction\",\"target\":[\"https:\/\/www.geres.eu\/en\/news\/project-news\/innovative-solutions-warm-homes-spark-initiatives-tajikistan\/\"]}]},{\"@type\":\"ImageObject\",\"inLanguage\":\"en-US\",\"@id\":\"https:\/\/www.geres.eu\/en\/news\/project-news\/innovative-solutions-warm-homes-spark-initiatives-tajikistan\/#primaryimage\",\"url\":\"https:\/\/www.geres.eu\/wp-content\/uploads\/2022\/02\/Des-solutions-innovantes-rechauffent-les-maisons-et-suscitent-des-initiatives-au-Tadjikistan.png\",\"contentUrl\":\"https:\/\/www.geres.eu\/wp-content\/uploads\/2022\/02\/Des-solutions-innovantes-rechauffent-les-maisons-et-suscitent-des-initiatives-au-Tadjikistan.png\",\"width\":1100,\"height\":500,\"caption\":\"Innovative solutions warm homes and spark initiatives in Tajikistan\"},{\"@type\":\"BreadcrumbList\",\"@id\":\"https:\/\/www.geres.eu\/en\/news\/project-news\/innovative-solutions-warm-homes-spark-initiatives-tajikistan\/#breadcrumb\",\"itemListElement\":[{\"@type\":\"ListItem\",\"position\":1,\"name\":\"Home\",\"item\":\"https:\/\/www.geres.eu\/en\/\"},{\"@type\":\"ListItem\",\"position\":2,\"name\":\"Innovative solutions warm houses up and trigger initiatives in Tajikistan\"}]},{\"@type\":\"WebSite\",\"@id\":\"https:\/\/www.geres.eu\/en\/#website\",\"url\":\"https:\/\/www.geres.eu\/en\/\",\"name\":\"Geres\",\"description\":\"Acting for climate solidarity\",\"publisher\":{\"@id\":\"https:\/\/www.geres.eu\/en\/#organization\"},\"potentialAction\":[{\"@type\":\"SearchAction\",\"target\":{\"@type\":\"EntryPoint\",\"urlTemplate\":\"https:\/\/www.geres.eu\/en\/?s={search_term_string}\"},\"query-input\":{\"@type\":\"PropertyValueSpecification\",\"valueRequired\":true,\"valueName\":\"search_term_string\"}}],\"inLanguage\":\"en-US\"},{\"@type\":\"Organization\",\"@id\":\"https:\/\/www.geres.eu\/en\/#organization\",\"name\":\"Geres\",\"url\":\"https:\/\/www.geres.eu\/en\/\",\"logo\":{\"@type\":\"ImageObject\",\"inLanguage\":\"en-US\",\"@id\":\"https:\/\/www.geres.eu\/en\/#\/schema\/logo\/image\/\",\"url\":\"https:\/\/www.geres.eu\/wp-content\/uploads\/2019\/10\/geres-logo-fr.png\",\"contentUrl\":\"https:\/\/www.geres.eu\/wp-content\/uploads\/2019\/10\/geres-logo-fr.png\",\"width\":139,\"height\":92,\"caption\":\"Geres\"},\"image\":{\"@id\":\"https:\/\/www.geres.eu\/en\/#\/schema\/logo\/image\/\"},\"sameAs\":[\"https:\/\/www.facebook.com\/geres.asso\/\",\"https:\/\/x.com\/Geres_fr\",\"https:\/\/fr.linkedin.com\/company\/geres\",\"https:\/\/www.youtube.com\/channel\/UCDAYdJgGXWW6kmtSeEuhNIQ\",\"https:\/\/fr.wikipedia.org\/wiki\/Geres\"]},{\"@type\":\"Person\",\"@id\":\"\"}]}<\/script>\n<!-- \/ Yoast SEO plugin. -->","yoast_head_json":{"title":"Innovative solutions warm houses up and trigger initiatives in Tajikistan - Geres","robots":{"index":"index","follow":"follow","max-snippet":"max-snippet:-1","max-image-preview":"max-image-preview:large","max-video-preview":"max-video-preview:-1"},"canonical":"https:\/\/www.geres.eu\/en\/news\/project-news\/innovative-solutions-warm-homes-spark-initiatives-tajikistan\/","og_locale":"en_US","og_type":"article","og_title":"Innovative solutions warm houses up and trigger initiatives in Tajikistan - Geres","og_description":"Testimonials. In 2021, Geres is launching a new project on sustainable energy solutions for Tajik housing. Munisa and her father, beneficiaries of the first works implemented in their house, give us their feedback.The sustainable housing project, launched last year, aims to improve the living conditions of vulnerable populations in [&hellip;]","og_url":"https:\/\/www.geres.eu\/en\/news\/project-news\/innovative-solutions-warm-homes-spark-initiatives-tajikistan\/","og_site_name":"Geres","article_publisher":"https:\/\/www.facebook.com\/geres.asso\/","article_published_time":"2022-02-22T16:56:20+00:00","article_modified_time":"2022-02-24T13:54:48+00:00","og_image":[{"width":1100,"height":500,"url":"https:\/\/www.geres.eu\/wp-content\/uploads\/2022\/02\/Des-solutions-innovantes-rechauffent-les-maisons-et-suscitent-des-initiatives-au-Tadjikistan.png","type":"image\/png"}],"twitter_card":"summary_large_image","twitter_creator":"@Geres_fr","twitter_site":"@Geres_fr","twitter_misc":{"Written by":"","Est. reading time":"12 minutes"},"schema":{"@context":"https:\/\/schema.org","@graph":[{"@type":"Article","@id":"https:\/\/www.geres.eu\/en\/news\/project-news\/innovative-solutions-warm-homes-spark-initiatives-tajikistan\/#article","isPartOf":{"@id":"https:\/\/www.geres.eu\/en\/news\/project-news\/innovative-solutions-warm-homes-spark-initiatives-tajikistan\/"},"author":{"name":"","@id":""},"headline":"Innovative solutions warm houses up and trigger initiatives in Tajikistan","datePublished":"2022-02-22T16:56:20+00:00","dateModified":"2022-02-24T13:54:48+00:00","mainEntityOfPage":{"@id":"https:\/\/www.geres.eu\/en\/news\/project-news\/innovative-solutions-warm-homes-spark-initiatives-tajikistan\/"},"wordCount":2429,"commentCount":0,"publisher":{"@id":"https:\/\/www.geres.eu\/en\/#organization"},"image":{"@id":"https:\/\/www.geres.eu\/en\/news\/project-news\/innovative-solutions-warm-homes-spark-initiatives-tajikistan\/#primaryimage"},"thumbnailUrl":"https:\/\/www.geres.eu\/wp-content\/uploads\/2022\/02\/Des-solutions-innovantes-rechauffent-les-maisons-et-suscitent-des-initiatives-au-Tadjikistan.png","articleSection":["Project news"],"inLanguage":"en-US","potentialAction":[{"@type":"CommentAction","name":"Comment","target":["https:\/\/www.geres.eu\/en\/news\/project-news\/innovative-solutions-warm-homes-spark-initiatives-tajikistan\/#respond"]}]},{"@type":"WebPage","@id":"https:\/\/www.geres.eu\/en\/news\/project-news\/innovative-solutions-warm-homes-spark-initiatives-tajikistan\/","url":"https:\/\/www.geres.eu\/en\/news\/project-news\/innovative-solutions-warm-homes-spark-initiatives-tajikistan\/","name":"Innovative solutions warm houses up and trigger initiatives in Tajikistan - Geres","isPartOf":{"@id":"https:\/\/www.geres.eu\/en\/#website"},"primaryImageOfPage":{"@id":"https:\/\/www.geres.eu\/en\/news\/project-news\/innovative-solutions-warm-homes-spark-initiatives-tajikistan\/#primaryimage"},"image":{"@id":"https:\/\/www.geres.eu\/en\/news\/project-news\/innovative-solutions-warm-homes-spark-initiatives-tajikistan\/#primaryimage"},"thumbnailUrl":"https:\/\/www.geres.eu\/wp-content\/uploads\/2022\/02\/Des-solutions-innovantes-rechauffent-les-maisons-et-suscitent-des-initiatives-au-Tadjikistan.png","datePublished":"2022-02-22T16:56:20+00:00","dateModified":"2022-02-24T13:54:48+00:00","breadcrumb":{"@id":"https:\/\/www.geres.eu\/en\/news\/project-news\/innovative-solutions-warm-homes-spark-initiatives-tajikistan\/#breadcrumb"},"inLanguage":"en-US","potentialAction":[{"@type":"ReadAction","target":["https:\/\/www.geres.eu\/en\/news\/project-news\/innovative-solutions-warm-homes-spark-initiatives-tajikistan\/"]}]},{"@type":"ImageObject","inLanguage":"en-US","@id":"https:\/\/www.geres.eu\/en\/news\/project-news\/innovative-solutions-warm-homes-spark-initiatives-tajikistan\/#primaryimage","url":"https:\/\/www.geres.eu\/wp-content\/uploads\/2022\/02\/Des-solutions-innovantes-rechauffent-les-maisons-et-suscitent-des-initiatives-au-Tadjikistan.png","contentUrl":"https:\/\/www.geres.eu\/wp-content\/uploads\/2022\/02\/Des-solutions-innovantes-rechauffent-les-maisons-et-suscitent-des-initiatives-au-Tadjikistan.png","width":1100,"height":500,"caption":"Innovative solutions warm homes and spark initiatives in Tajikistan"},{"@type":"BreadcrumbList","@id":"https:\/\/www.geres.eu\/en\/news\/project-news\/innovative-solutions-warm-homes-spark-initiatives-tajikistan\/#breadcrumb","itemListElement":[{"@type":"ListItem","position":1,"name":"Home","item":"https:\/\/www.geres.eu\/en\/"},{"@type":"ListItem","position":2,"name":"Innovative solutions warm houses up and trigger initiatives in Tajikistan"}]},{"@type":"WebSite","@id":"https:\/\/www.geres.eu\/en\/#website","url":"https:\/\/www.geres.eu\/en\/","name":"Geres","description":"Acting for climate solidarity","publisher":{"@id":"https:\/\/www.geres.eu\/en\/#organization"},"potentialAction":[{"@type":"SearchAction","target":{"@type":"EntryPoint","urlTemplate":"https:\/\/www.geres.eu\/en\/?s={search_term_string}"},"query-input":{"@type":"PropertyValueSpecification","valueRequired":true,"valueName":"search_term_string"}}],"inLanguage":"en-US"},{"@type":"Organization","@id":"https:\/\/www.geres.eu\/en\/#organization","name":"Geres","url":"https:\/\/www.geres.eu\/en\/","logo":{"@type":"ImageObject","inLanguage":"en-US","@id":"https:\/\/www.geres.eu\/en\/#\/schema\/logo\/image\/","url":"https:\/\/www.geres.eu\/wp-content\/uploads\/2019\/10\/geres-logo-fr.png","contentUrl":"https:\/\/www.geres.eu\/wp-content\/uploads\/2019\/10\/geres-logo-fr.png","width":139,"height":92,"caption":"Geres"},"image":{"@id":"https:\/\/www.geres.eu\/en\/#\/schema\/logo\/image\/"},"sameAs":["https:\/\/www.facebook.com\/geres.asso\/","https:\/\/x.com\/Geres_fr","https:\/\/fr.linkedin.com\/company\/geres","https:\/\/www.youtube.com\/channel\/UCDAYdJgGXWW6kmtSeEuhNIQ","https:\/\/fr.wikipedia.org\/wiki\/Geres"]},{"@type":"Person","@id":""}]}},"_links":{"self":[{"href":"https:\/\/www.geres.eu\/en\/wp-json\/wp\/v2\/posts\/26276"}],"collection":[{"href":"https:\/\/www.geres.eu\/en\/wp-json\/wp\/v2\/posts"}],"about":[{"href":"https:\/\/www.geres.eu\/en\/wp-json\/wp\/v2\/types\/post"}],"author":[{"embeddable":true,"href":"https:\/\/www.geres.eu\/en\/wp-json\/wp\/v2\/users\/11"}],"replies":[{"embeddable":true,"href":"https:\/\/www.geres.eu\/en\/wp-json\/wp\/v2\/comments?post=26276"}],"version-history":[{"count":16,"href":"https:\/\/www.geres.eu\/en\/wp-json\/wp\/v2\/posts\/26276\/revisions"}],"predecessor-version":[{"id":26312,"href":"https:\/\/www.geres.eu\/en\/wp-json\/wp\/v2\/posts\/26276\/revisions\/26312"}],"wp:featuredmedia":[{"embeddable":true,"href":"https:\/\/www.geres.eu\/en\/wp-json\/wp\/v2\/media\/26261"}],"wp:attachment":[{"href":"https:\/\/www.geres.eu\/en\/wp-json\/wp\/v2\/media?parent=26276"}],"wp:term":[{"taxonomy":"category","embeddable":true,"href":"https:\/\/www.geres.eu\/en\/wp-json\/wp\/v2\/categories?post=26276"},{"taxonomy":"post_tag","embeddable":true,"href":"https:\/\/www.geres.eu\/en\/wp-json\/wp\/v2\/tags?post=26276"}],"curies":[{"name":"wp","href":"https:\/\/api.w.org\/{rel}","templated":true}]}}