{"id":27731,"date":"2022-07-05T14:40:04","date_gmt":"2022-07-05T12:40:04","guid":{"rendered":"https:\/\/www.geres.eu\/uncategorized\/heat-waves-advices-refresh-home\/"},"modified":"2022-07-06T14:49:25","modified_gmt":"2022-07-06T12:49:25","slug":"heat-waves-advice-cool-down-home","status":"publish","type":"post","link":"https:\/\/www.geres.eu\/en\/news\/geres-news\/heat-waves-advice-cool-down-home\/","title":{"rendered":"Heat waves: our practical, economical and ecological advice to cool down your home"},"content":{"rendered":"<p>[et_pb_section fb_built=&#8221;1&#8243; fullwidth=&#8221;on&#8221; _builder_version=&#8221;3.25.3&#8243;][diba_header_article _builder_version=&#8221;3.25.3&#8243; width=&#8221;1400px&#8221; max_width=&#8221;100%&#8221; module_alignment=&#8221;center&#8221; height=&#8221;505px&#8221;][\/diba_header_article][\/et_pb_section][et_pb_section fb_built=&#8221;1&#8243; custom_padding_last_edited=&#8221;on|tablet&#8221; _builder_version=&#8221;3.25.3&#8243; custom_padding=&#8221;0px||0px|||&#8221; custom_padding_tablet=&#8221;|20px||20px&#8221; custom_padding_phone=&#8221;&#8221;][et_pb_row _builder_version=&#8221;3.25.3&#8243; width=&#8221;100%&#8221; max_width=&#8221;1400px&#8221; module_alignment=&#8221;center&#8221; custom_margin=&#8221;|||&#8221; custom_margin_tablet=&#8221;&#8221; custom_margin_phone=&#8221;&#8221; custom_margin_last_edited=&#8221;on|desktop&#8221; custom_padding=&#8221;|10px|0px|10px||&#8221;][et_pb_column type=&#8221;4_4&#8243; _builder_version=&#8221;3.25.3&#8243;][bastad_breadcrumb _builder_version=&#8221;3.25.3&#8243;][\/bastad_breadcrumb][\/et_pb_column][\/et_pb_row][et_pb_row _builder_version=&#8221;3.25.3&#8243; width=&#8221;100%&#8221; max_width=&#8221;1400px&#8221; custom_padding=&#8221;0px||12px|||&#8221; locked=&#8221;off&#8221;][et_pb_column type=&#8221;4_4&#8243; _builder_version=&#8221;3.25.3&#8243;][et_pb_text module_class=&#8221;introduction-guide&#8221; _builder_version=&#8221;4.9.4&#8243; text_font=&#8221;||||||||&#8221; text_text_color=&#8221;#000000&#8243; text_font_size=&#8221;24px&#8221; text_line_height=&#8221;1.65em&#8221; link_font=&#8221;||||||||&#8221; ul_font=&#8221;||||||||&#8221; ol_font=&#8221;||||||||&#8221; header_font=&#8221;||||||||&#8221; header_font_size=&#8221;29px&#8221; background_color=&#8221;#ffffff&#8221; background_image=&#8221;https:\/\/www.geres.eu\/wp-content\/uploads\/2019\/07\/BG-4.jpg&#8221; custom_padding=&#8221;44px|84px|39px|65px||&#8221; custom_padding_tablet=&#8221;40px|50px|40px|50px&#8221; custom_padding_phone=&#8221;|40px||40px&#8221; custom_padding_last_edited=&#8221;on|phone&#8221; hover_enabled=&#8221;0&#8243; text_font_size_tablet=&#8221;17px&#8221; text_font_size_phone=&#8221;17px&#8221; text_font_size_last_edited=&#8221;on|phone&#8221; sticky_enabled=&#8221;0&#8243;]<\/p>\n<h1 style=\"text-align: center;\">June 2022 saw an intense and early heat wave. Around the Mediterranean area where Geres works, climate change is making precarious households more vulnerable and increasing social inequalities.<\/h1>\n<h1 style=\"text-align: center;\">Our role is to help them implement energy-saving, more comfortable and environmentally friendly solutions in their homes.<br \/>Here are some of our summer tips and testimonials for a cooler home.<\/h1>\n<p>[\/et_pb_text][\/et_pb_column][\/et_pb_row][\/et_pb_section][et_pb_section fb_built=&#8221;1&#8243; disabled_on=&#8221;off|off|off&#8221; _builder_version=&#8221;3.25.3&#8243; custom_padding=&#8221;0px||4px|||&#8221; border_width_top=&#8221;1px&#8221; border_color_top=&#8221;rgba(92,122,153,0.25)&#8221;][et_pb_row module_class=&#8221;content-page-article&#8221; _builder_version=&#8221;4.9.4&#8243; width=&#8221;100%&#8221; max_width=&#8221;768px&#8221; module_alignment=&#8221;center&#8221; custom_padding=&#8221;26px|||||&#8221; saved_tabs=&#8221;all&#8221; locked=&#8221;off&#8221;][et_pb_column type=&#8221;4_4&#8243; _builder_version=&#8221;3.25.3&#8243;][et_pb_text _builder_version=&#8221;4.9.4&#8243; custom_margin=&#8221;||3px|||&#8221; custom_padding=&#8221;0px|0px|4px|0px||&#8221; custom_padding_tablet=&#8221;|0px||0px&#8221; custom_padding_phone=&#8221;&#8221; custom_padding_last_edited=&#8221;on|tablet&#8221; link_option_url_new_window=&#8221;on&#8221;]<\/p>\n<ul>\n<li>\n<h2>Open windows at night and leave them closed during the day with the shutters closed<\/h2>\n<\/li>\n<\/ul>\n<blockquote>\n<p><strong><em><\/em>&#8220;If the sun comes to heat your floor during the day, it is equivalent to a radiator for your home&#8221; Marie-Maud, Head of the energy and solidarity building programme at Geres.<br \/><\/strong><\/p>\n<\/blockquote>\n<p>In summer, if the sun&#8217;s rays are allowed to penetrate the house, the floor will store heat and diffuse it into the room, gradually heating the floor and the air. It is therefore important to protect yourself from the sun&#8217;s rays, by installing a sunshade, closing the shutters, blinds, or curtains for want of a better word.<\/p>\n<ul>\n<li>\n<h2><strong> <\/strong>Use a fan and\/or air blower rather than air conditioning in your home<\/h2>\n<\/li>\n<\/ul>\n<p>Did you know? A fan uses ten times less energy than an air conditioner.<\/p>\n<p>Even if the fan does not cool the air, it stirs it and makes people feel cooler by evaporating sweat from the skin. More economical than air conditioning, it is also more ecological. Why is it so? Generally speaking, turning the fan&#8217;s propeller uses much less energy than heating or cooling, which is the role of air conditioning.<\/p>\n<p>Fatma, for example, a beneficiary of Geres&#8217; energy advice in Marseille, confided to us this year that air conditioning had contributed to a 390 euro increase in her electricity bill over the year. This is a real cost that can quickly weigh on the budget of the most modest households.<\/p>\n<p>Secondly, air conditioning is dangerous for the planet because it also contributes to warming up cities by releasing heat outside.<\/p>\n<p>The more people use it, the higher the temperatures in urban areas can rise, by up to 2\u00b0. Finally, air conditioning contributes to the increase in greenhouse gas emissions, in the event of a refrigerant leak for example, and can also cause health risks for people if it is set too cold (around and below 20\u00b0C).<\/p>\n<blockquote>\n<p><em><strong>Testimony of Manon, beneficiary of Geres solutions in her home in Marseille: &#8220;I was installed a ceiling fan that I have been testing since June 3, 2022, since the heat started to be felt early this year: it is super efficient and silent, it changes everything&#8221;<\/strong><\/em><\/p>\n<\/blockquote>\n<p>However, unlike Manon, if the air in your home is really too hot and it is poorly insulated, unfortunately the fan&#8217;s actions will be limited. In this case, if air conditioning is the only solution, we advise you to set the temperature to a maximum of 6 or 8\u00b0C below the outside temperature.<\/p>\n<p>Marie-Maud, Energy and Building Programme Manager at Energy, advises cleaning the air conditioning filter once a month to increase the efficiency of the unit by 30%.<\/p>\n<blockquote>\n<p><a href=\"https:\/\/www.empowermed.eu\" target=\"_blank\" rel=\"noopener\">More about the Mediterranean Empowermed programme for women<\/a><\/p>\n<\/blockquote>\n<p>[\/et_pb_text][et_pb_text _builder_version=&#8221;4.9.4&#8243; _module_preset=&#8221;default&#8221;]<\/p>\n<ul>\n<li>\n<h2><strong> <\/strong>Greening the interior near the windows<\/h2>\n<\/li>\n<\/ul>\n<p>Plants, if placed together, provide coolness and humidity, which lowers the temperature in your home. If you can, don&#8217;t hesitate to add some near your windows or on your balcony\/garden: plants create shade and cool the surrounding air by evapo-transpiration.<\/p>\n<p>And enjoy the parks in the summer, you can see the big difference in temperature under a canopy of plants and under the trees.<\/p>\n<blockquote>\n<p><a href=\"https:\/\/www.geres.eu\/en\/our-actions\/our-projects\/escaping-energy-poverty-in-france\/\" target=\"_blank\" rel=\"noopener\">Escaping energy poverty in the Provence-Alpes-C\u00f4te d\u2019Azur region<\/a><\/p>\n<\/blockquote>\n<ul>\n<li>\n<h2><strong> <\/strong>Use your oven less during the summer season<\/h2>\n<\/li>\n<\/ul>\n<p>A real source of heat for your kitchen, the oven helps to warm up your home. Choose summer salads and recipes that do not require heat sources.<\/p>\n<ul>\n<li>\n<h2><strong> <\/strong>Remove carpets from the floor and keep them for the autumn\/winter season<\/h2>\n<\/li>\n<\/ul>\n<p>Thick rugs are nice for winter, but in summer they help to keep the heat in. If possible, store them in your wardrobe for the summer season. Direct contact with tiles or parquet will then feel cooler.<\/p>\n<ul>\n<li>\n<h2><strong> <\/strong>Do not leave household appliances on standby<\/h2>\n<\/li>\n<\/ul>\n<p>Have you ever noticed that your wireless box, computer or television emits heat when it is on standby? If you want to keep your home cooler, make sure you turn them off when you&#8217;re not using them. You&#8217;ll notice the difference.<\/p>\n<h2>\u00a0BONUS<\/h2>\n<p>For those who can\/want to: insulating your home (roof, walls, double glazing) remains the best solution.<\/p>\n<p>Insulation is a bulwark against external heat, as it reduces both heat loss to the outside (in winter) and heat gain in summer. Attic spaces are easy to insulate, for example by unrolling insulation such as hemp or recycled fabric wool, 20-30 cm thick.<\/p>\n<p>Be aware that when the house is well insulated, all the accumulated heat will be more difficult to evacuate through the walls. The following tips are useful to avoid letting in too much heat.<\/p>\n<h3>In a nutshell<\/h3>\n<p>Saving energy is not just about big, expensive jobs, it&#8217;s also about common sense. It&#8217;s about small gestures and equipment that can make a difference to your daily comfort, your energy bill and also the planet.<\/p>\n<p>[\/et_pb_text][\/et_pb_column][\/et_pb_row][\/et_pb_section][et_pb_section fb_built=&#8221;1&#8243; disabled_on=&#8221;off|off|off&#8221; _builder_version=&#8221;3.25.3&#8243; locked=&#8221;off&#8221;][et_pb_row _builder_version=&#8221;3.25.3&#8243;][et_pb_column type=&#8221;4_4&#8243; _builder_version=&#8221;3.25.3&#8243;][et_pb_text _builder_version=&#8221;4.4.4&#8243; text_font=&#8221;||||||||&#8221; text_text_color=&#8221;#ffffff&#8221; header_font=&#8221;||||||||&#8221; header_text_align=&#8221;center&#8221; header_text_color=&#8221;#ffffff&#8221; header_2_font=&#8221;||||||||&#8221; header_2_text_color=&#8221;#ffffff&#8221; header_2_font_size=&#8221;40px&#8221; text_orientation=&#8221;center&#8221; custom_margin=&#8221;||10px&#8221; custom_padding=&#8221;||0px|||&#8221; custom_css_main_element=&#8221;display: flex;||justify-content: center;&#8221; text_text_align=&#8221;center&#8221; locked=&#8221;off&#8221;]<\/p>\n<h2 style=\"text-align: center;\"><span style=\"color: #000000;\"><b>Geres news<br \/>\n<\/b><\/span><\/h2>\n<p>[\/et_pb_text][et_pb_divider color=&#8221;#ffb622&#8243; divider_weight=&#8221;4px&#8221; _builder_version=&#8221;3.25.3&#8243; width=&#8221;8%&#8221; module_alignment=&#8221;center&#8221; locked=&#8221;off&#8221;][\/et_pb_divider][\/et_pb_column][\/et_pb_row][et_pb_row module_class=&#8221;actualite-projets-list actualite-list&#8221; _builder_version=&#8221;3.25.3&#8243; width=&#8221;90%&#8221; max_width=&#8221;1400px&#8221; custom_padding=&#8221;0px||0px|||&#8221;][et_pb_column type=&#8221;4_4&#8243; _builder_version=&#8221;3.25.3&#8243;][et_pb_dpfilterable_blog posts_number=&#8221;3&#8243; include_categories=&#8221;61&#8243; show_categories=&#8221;off&#8221; show_date=&#8221;on&#8221; meta_date=&#8221;j M Y&#8221; show_excerpt=&#8221;on&#8221; show_pagination=&#8221;off&#8221; disabled_on=&#8221;off|off|off&#8221; _builder_version=&#8221;3.25.3&#8243; custom_padding=&#8221;0px||4px|||&#8221; border_width_top=&#8221;1px&#8221; border_color_top=&#8221;rgba(92,122,153,0.25)&#8221;][\/et_pb_dpfilterable_blog][\/et_pb_column][\/et_pb_row][et_pb_row _builder_version=&#8221;3.25.3&#8243; custom_padding=&#8221;0px||0px|||&#8221;][et_pb_column type=&#8221;4_4&#8243; _builder_version=&#8221;3.25.3&#8243;][et_pb_button button_url=&#8221;https:\/\/www.geres.eu\/en\/news\/geres-news\/&#8221; button_text=&#8221;All our news&#8221; button_alignment=&#8221;center&#8221; _builder_version=&#8221;4.4.4&#8243; custom_button=&#8221;on&#8221; button_text_size=&#8221;14px&#8221; button_text_color=&#8221;#000000&#8243; button_border_color=&#8221;#fcbf01&#8243; button_font=&#8221;|700||on|||||&#8221; custom_padding=&#8221;12px|25px|12px|25px&#8221;][\/et_pb_button][\/et_pb_column][\/et_pb_row][\/et_pb_section][et_pb_section fb_built=&#8221;1&#8243; module_class=&#8221;agir-en-faveur&#8221; _builder_version=&#8221;4.0.6&#8243; background_image=&#8221;https:\/\/www.geres.eu\/wp-content\/uploads\/2019\/07\/Group-14-1-1.svg&#8221; saved_tabs=&#8221;all&#8221; locked=&#8221;off&#8221;][et_pb_row _builder_version=&#8221;4.0.6&#8243; width=&#8221;90%&#8221; max_width=&#8221;1400px&#8221; custom_padding=&#8221;|20px||20px&#8221;][et_pb_column type=&#8221;4_4&#8243; _builder_version=&#8221;3.25.3&#8243;][et_pb_text _builder_version=&#8221;3.27.4&#8243; text_font=&#8221;||||||||&#8221; header_font=&#8221;||||||||&#8221; header_text_color=&#8221;#ffffff&#8221; header_font_size=&#8221;37px&#8221; header_line_height=&#8221;1.2em&#8221; header_2_font=&#8221;||||||||&#8221; header_3_font=&#8221;||||||||&#8221; header_3_text_align=&#8221;center&#8221; header_3_text_color=&#8221;#ffffff&#8221; header_3_font_size=&#8221;37px&#8221; header_3_line_height=&#8221;1.2em&#8221; header_3_font_size_tablet=&#8221;31px&#8221; header_3_font_size_phone=&#8221;28px&#8221; header_3_font_size_last_edited=&#8221;on|phone&#8221;]<\/p>\n<h3>VOUS SOUHAITEZ AGIR EN FAVEUR DE LA SOLIDARIT\u00c9<br \/>\nCLIMATIQUE ET <span>SOUTENIR NOS ACTIONS<\/span> ?<\/h3>\n<p>[\/et_pb_text][et_pb_text _builder_version=&#8221;3.25.3&#8243; text_font=&#8221;||||||||&#8221; text_text_color=&#8221;#ffffff&#8221; text_font_size=&#8221;20px&#8221; header_font=&#8221;||||||||&#8221; header_text_align=&#8221;center&#8221; text_orientation=&#8221;center&#8221; custom_padding_tablet=&#8221;|20px||20px&#8221; custom_padding_phone=&#8221;&#8221; custom_padding_last_edited=&#8221;on|tablet&#8221; custom_css_main_element=&#8221;display: flex;||justify-content:center;&#8221; text_text_align=&#8221;center&#8221;]<\/p>\n<p style=\"text-align: center;\">Dites-nous qui vous \u00eates et d\u00e9couvrez vos moyens d&#8217;action<\/p>\n<p>[\/et_pb_text][\/et_pb_column][\/et_pb_row][et_pb_row column_structure=&#8221;1_2,1_2&#8243; _builder_version=&#8221;3.25.3&#8243; width=&#8221;90%&#8221; max_width=&#8221;1400px&#8221; custom_margin=&#8221;||0px|&#8221; custom_padding=&#8221;||0px|0px&#8221;][et_pb_column type=&#8221;1_2&#8243; _builder_version=&#8221;3.25.3&#8243;][et_pb_text _builder_version=&#8221;4.0.6&#8243; custom_css_main_element=&#8221;background: white;&#8221;]<\/p>\n<div class=\"perso-onglet\">\n<h4><strong>CITOYEN\u00b7NE\u00b7S<\/strong><\/h4>\n<p>Parce que la Solidarit\u00e9 climatique est l\u2019affaire de toutes et tous, le Geres vous donne les cl\u00e9s pour passer \u00e0 l\u2019action.<\/p>\n<p><a class=\"perso-onglet-button\" href=\"https:\/\/www.geres.eu\/en\/take-action\/citizens\/\">AGIR EN TANT QUE CITOYEN\u00b7NE<\/a><\/p>\n<\/div>\n<p>[\/et_pb_text][\/et_pb_column][et_pb_column type=&#8221;1_2&#8243; _builder_version=&#8221;3.25.3&#8243;][et_pb_text _builder_version=&#8221;4.0.6&#8243; custom_css_main_element=&#8221;background: white;&#8221;]<\/p>\n<div class=\"perso-onglet\">\n<h4>\n    <strong>ENTREPRISES<\/strong><\/h4>\n<p>En tant que dirigeant\u00b7e d&#8217;entreprise, employ\u00e9\u00b7e ou client\u00b7e responsable, vous avez le pouvoir d&#8217;agir au quotidien.<\/p>\n<p><a class=\"perso-onglet-button\" href=\"https:\/\/www.geres.eu\/en\/take-action\/private-sector\/\">AGIR EN TANT QU&#8217;ENTREPRISE<\/a><\/p>\n<\/div>\n<p>[\/et_pb_text][\/et_pb_column][\/et_pb_row][et_pb_row column_structure=&#8221;1_2,1_2&#8243; _builder_version=&#8221;3.25.3&#8243; width=&#8221;90%&#8221; max_width=&#8221;1400px&#8221;][et_pb_column type=&#8221;1_2&#8243; _builder_version=&#8221;3.25.3&#8243;][et_pb_text admin_label=&#8221;Texte&#8221; _builder_version=&#8221;4.0.6&#8243; custom_css_main_element=&#8221;background: white;&#8221;]<\/p>\n<div class=\"perso-onglet\">\n<h4><strong>INSTITUTIONS &amp; COLLECTIVIT\u00c9S<\/strong><\/h4>\n<p>Soutenez nos actions en France et \u00e0 l&#8217;international et devenez un acteur de la Solidarit\u00e9 climatique.<\/p>\n<p><a class=\"perso-onglet-button\" href=\"https:\/\/www.geres.eu\/en\/take-action\/institutional-local-actors\/\">AGIR EN TANT QU&#8217;INSTITUTION<\/a><\/p>\n<\/div>\n<p>[\/et_pb_text][\/et_pb_column][et_pb_column type=&#8221;1_2&#8243; _builder_version=&#8221;3.25.3&#8243;][et_pb_text _builder_version=&#8221;4.0.6&#8243; custom_css_main_element=&#8221;background: white;&#8221;]<\/p>\n<div class=\"perso-onglet\">\n<h4>\n<strong>FONDATIONS<\/strong><\/h4>\n<p>En vous engageant aux c\u00f4t\u00e9s du Geres, vous contribuez \u00e0 la mise en \u0153uvre d\u2019actions innovantes et concr\u00e8tes.<\/p>\n<p><a class=\"perso-onglet-button\" href=\"https:\/\/www.geres.eu\/en\/take-action\/foundations\/\">AGIR EN TANT QUE FONDATION<\/a><\/p>\n<\/div>\n<p>[\/et_pb_text][\/et_pb_column][\/et_pb_row][et_pb_row _builder_version=&#8221;3.25.3&#8243;][et_pb_column type=&#8221;4_4&#8243; _builder_version=&#8221;3.25.3&#8243;][et_pb_code _builder_version=&#8221;4.0.6&#8243; text_orientation=&#8221;center&#8221; link_option_url=&#8221;#&#8221;]<a href=\"https:\/\/www.geres.eu\/en\/take-action\/contact\/\" class=\"contact-override\">AUTRE PROFIL ? CONTACTEZ-NOUS<\/a>[\/et_pb_code][\/et_pb_column][\/et_pb_row][\/et_pb_section]<\/p>\n","protected":false},"excerpt":{"rendered":"<p><div class=\"et_pb_module diba_header_article diba_header_article_0\">\n\t\t\t\t\n\t\t\t\t\n\t\t\t\t\n\t\t\t\t\n\t\t\t\t\n\t\t\t\t\n\t\t\t\t<div class=\"et_pb_module_inner\">\n\t\t\t\t\t<div class='header_article'>\n\t\t\t\t\t\t<div class='image_article' style='background-image: url()'><\/div>\n\t\t\t\t\t\t<span class='date'><\/span>\n\t\t\t\t\t\t<h1><\/h1>\n\t\t\t\t   <\/div>\n\t\t\t\t<\/div>\n\t\t\t<\/div><div class=\"et_pb_module bastad_breadcrumb bastad_breadcrumb_0\">\n\t\t\t\t\n\t\t\t\t\n\t\t\t\t\n\t\t\t\t\n\t\t\t\t\n\t\t\t\t\n\t\t\t\t<div class=\"et_pb_module_inner\">\n\t\t\t\t\t<div class='breadcrumb'><span property=\"itemListElement\" typeof=\"ListItem\"><a property=\"item\" typeof=\"WebPage\" title=\"Go to Geres.\" href=\"https:\/\/www.geres.eu\/en\/\" class=\"home\" aria-current=\"page\"><span property=\"name\"><i class=\"home-i\"><\/i><\/span><\/a><meta property=\"position\" content=\"1\"><\/span><\/div>\n\t\t\t\t<\/div>\n\t\t\t<\/div>June 2022 saw an intense and early heat wave. Around the Mediterranean area where Geres works, climate change is making precarious households more vulnerable and increasing social inequalities. Our role is to help them implement energy-saving, more comfortable and environmentally friendly solutions in their homes.Here are some of our [&hellip;]<\/p>\n","protected":false},"author":11,"featured_media":27716,"comment_status":"open","ping_status":"open","sticky":false,"template":"","format":"standard","meta":{"_acf_changed":false,"_et_pb_use_builder":"on","_et_pb_old_content":"","_et_gb_content_width":"","footnotes":""},"categories":[93],"tags":[372,369,370,371],"class_list":["post-27731","post","type-post","status-publish","format-standard","has-post-thumbnail","hentry","category-geres-news","tag-advices","tag-heat","tag-housing","tag-refresh"],"acf":[],"yoast_head":"<!-- This site is optimized with the Yoast SEO plugin v25.6 - https:\/\/yoast.com\/wordpress\/plugins\/seo\/ -->\n<title>Heat waves: our practical, economical and ecological advice to cool down your home - Geres<\/title>\n<meta name=\"robots\" content=\"index, follow, max-snippet:-1, max-image-preview:large, max-video-preview:-1\" \/>\n<link rel=\"canonical\" href=\"https:\/\/www.geres.eu\/en\/news\/geres-news\/heat-waves-advice-cool-down-home\/\" \/>\n<meta property=\"og:locale\" content=\"en_US\" \/>\n<meta property=\"og:type\" content=\"article\" \/>\n<meta property=\"og:title\" content=\"Heat waves: our practical, economical and ecological advice to cool down your home - Geres\" \/>\n<meta property=\"og:description\" content=\"June 2022 saw an intense and early heat wave. Around the Mediterranean area where Geres works, climate change is making precarious households more vulnerable and increasing social inequalities. Our role is to help them implement energy-saving, more comfortable and environmentally friendly solutions in their homes.Here are some of our [&hellip;]\" \/>\n<meta property=\"og:url\" content=\"https:\/\/www.geres.eu\/en\/news\/geres-news\/heat-waves-advice-cool-down-home\/\" \/>\n<meta property=\"og:site_name\" content=\"Geres\" \/>\n<meta property=\"article:publisher\" content=\"https:\/\/www.facebook.com\/geres.asso\/\" \/>\n<meta property=\"article:published_time\" content=\"2022-07-05T12:40:04+00:00\" \/>\n<meta property=\"article:modified_time\" content=\"2022-07-06T12:49:25+00:00\" \/>\n<meta property=\"og:image\" content=\"https:\/\/www.geres.eu\/wp-content\/uploads\/2022\/07\/7-conseils-ecologiques-et-economiques-rafraichir-son-interieur.png\" \/>\n\t<meta property=\"og:image:width\" content=\"1100\" \/>\n\t<meta property=\"og:image:height\" content=\"500\" \/>\n\t<meta property=\"og:image:type\" content=\"image\/png\" \/>\n<meta name=\"twitter:card\" content=\"summary_large_image\" \/>\n<meta name=\"twitter:creator\" content=\"@Geres_fr\" \/>\n<meta name=\"twitter:site\" content=\"@Geres_fr\" \/>\n<meta name=\"twitter:label1\" content=\"Written by\" \/>\n\t<meta name=\"twitter:data1\" content=\"\" \/>\n\t<meta name=\"twitter:label2\" content=\"Est. reading time\" \/>\n\t<meta name=\"twitter:data2\" content=\"10 minutes\" \/>\n<script type=\"application\/ld+json\" class=\"yoast-schema-graph\">{\"@context\":\"https:\/\/schema.org\",\"@graph\":[{\"@type\":\"Article\",\"@id\":\"https:\/\/www.geres.eu\/en\/news\/geres-news\/heat-waves-advice-cool-down-home\/#article\",\"isPartOf\":{\"@id\":\"https:\/\/www.geres.eu\/en\/news\/geres-news\/heat-waves-advice-cool-down-home\/\"},\"author\":{\"name\":\"\",\"@id\":\"\"},\"headline\":\"Heat waves: our practical, economical and ecological advice to cool down your home\",\"datePublished\":\"2022-07-05T12:40:04+00:00\",\"dateModified\":\"2022-07-06T12:49:25+00:00\",\"mainEntityOfPage\":{\"@id\":\"https:\/\/www.geres.eu\/en\/news\/geres-news\/heat-waves-advice-cool-down-home\/\"},\"wordCount\":1918,\"commentCount\":0,\"publisher\":{\"@id\":\"https:\/\/www.geres.eu\/en\/#organization\"},\"image\":{\"@id\":\"https:\/\/www.geres.eu\/en\/news\/geres-news\/heat-waves-advice-cool-down-home\/#primaryimage\"},\"thumbnailUrl\":\"https:\/\/www.geres.eu\/wp-content\/uploads\/2022\/07\/7-conseils-ecologiques-et-economiques-rafraichir-son-interieur.png\",\"keywords\":[\"advices\",\"Heat\",\"housing\",\"refresh\"],\"articleSection\":[\"Geres news\"],\"inLanguage\":\"en-US\",\"potentialAction\":[{\"@type\":\"CommentAction\",\"name\":\"Comment\",\"target\":[\"https:\/\/www.geres.eu\/en\/news\/geres-news\/heat-waves-advice-cool-down-home\/#respond\"]}]},{\"@type\":\"WebPage\",\"@id\":\"https:\/\/www.geres.eu\/en\/news\/geres-news\/heat-waves-advice-cool-down-home\/\",\"url\":\"https:\/\/www.geres.eu\/en\/news\/geres-news\/heat-waves-advice-cool-down-home\/\",\"name\":\"Heat waves: our practical, economical and ecological advice to cool down your home - Geres\",\"isPartOf\":{\"@id\":\"https:\/\/www.geres.eu\/en\/#website\"},\"primaryImageOfPage\":{\"@id\":\"https:\/\/www.geres.eu\/en\/news\/geres-news\/heat-waves-advice-cool-down-home\/#primaryimage\"},\"image\":{\"@id\":\"https:\/\/www.geres.eu\/en\/news\/geres-news\/heat-waves-advice-cool-down-home\/#primaryimage\"},\"thumbnailUrl\":\"https:\/\/www.geres.eu\/wp-content\/uploads\/2022\/07\/7-conseils-ecologiques-et-economiques-rafraichir-son-interieur.png\",\"datePublished\":\"2022-07-05T12:40:04+00:00\",\"dateModified\":\"2022-07-06T12:49:25+00:00\",\"breadcrumb\":{\"@id\":\"https:\/\/www.geres.eu\/en\/news\/geres-news\/heat-waves-advice-cool-down-home\/#breadcrumb\"},\"inLanguage\":\"en-US\",\"potentialAction\":[{\"@type\":\"ReadAction\",\"target\":[\"https:\/\/www.geres.eu\/en\/news\/geres-news\/heat-waves-advice-cool-down-home\/\"]}]},{\"@type\":\"ImageObject\",\"inLanguage\":\"en-US\",\"@id\":\"https:\/\/www.geres.eu\/en\/news\/geres-news\/heat-waves-advice-cool-down-home\/#primaryimage\",\"url\":\"https:\/\/www.geres.eu\/wp-content\/uploads\/2022\/07\/7-conseils-ecologiques-et-economiques-rafraichir-son-interieur.png\",\"contentUrl\":\"https:\/\/www.geres.eu\/wp-content\/uploads\/2022\/07\/7-conseils-ecologiques-et-economiques-rafraichir-son-interieur.png\",\"width\":1100,\"height\":500,\"caption\":\"Heat waves: our practical, economical and ecological advice to cool down your home\"},{\"@type\":\"BreadcrumbList\",\"@id\":\"https:\/\/www.geres.eu\/en\/news\/geres-news\/heat-waves-advice-cool-down-home\/#breadcrumb\",\"itemListElement\":[{\"@type\":\"ListItem\",\"position\":1,\"name\":\"Home\",\"item\":\"https:\/\/www.geres.eu\/en\/\"},{\"@type\":\"ListItem\",\"position\":2,\"name\":\"Heat waves: our practical, economical and ecological advice to cool down your home\"}]},{\"@type\":\"WebSite\",\"@id\":\"https:\/\/www.geres.eu\/en\/#website\",\"url\":\"https:\/\/www.geres.eu\/en\/\",\"name\":\"Geres\",\"description\":\"Acting for climate solidarity\",\"publisher\":{\"@id\":\"https:\/\/www.geres.eu\/en\/#organization\"},\"potentialAction\":[{\"@type\":\"SearchAction\",\"target\":{\"@type\":\"EntryPoint\",\"urlTemplate\":\"https:\/\/www.geres.eu\/en\/?s={search_term_string}\"},\"query-input\":{\"@type\":\"PropertyValueSpecification\",\"valueRequired\":true,\"valueName\":\"search_term_string\"}}],\"inLanguage\":\"en-US\"},{\"@type\":\"Organization\",\"@id\":\"https:\/\/www.geres.eu\/en\/#organization\",\"name\":\"Geres\",\"url\":\"https:\/\/www.geres.eu\/en\/\",\"logo\":{\"@type\":\"ImageObject\",\"inLanguage\":\"en-US\",\"@id\":\"https:\/\/www.geres.eu\/en\/#\/schema\/logo\/image\/\",\"url\":\"https:\/\/www.geres.eu\/wp-content\/uploads\/2019\/10\/geres-logo-fr.png\",\"contentUrl\":\"https:\/\/www.geres.eu\/wp-content\/uploads\/2019\/10\/geres-logo-fr.png\",\"width\":139,\"height\":92,\"caption\":\"Geres\"},\"image\":{\"@id\":\"https:\/\/www.geres.eu\/en\/#\/schema\/logo\/image\/\"},\"sameAs\":[\"https:\/\/www.facebook.com\/geres.asso\/\",\"https:\/\/x.com\/Geres_fr\",\"https:\/\/fr.linkedin.com\/company\/geres\",\"https:\/\/www.youtube.com\/channel\/UCDAYdJgGXWW6kmtSeEuhNIQ\",\"https:\/\/fr.wikipedia.org\/wiki\/Geres\"]},{\"@type\":\"Person\",\"@id\":\"\"}]}<\/script>\n<!-- \/ Yoast SEO plugin. -->","yoast_head_json":{"title":"Heat waves: our practical, economical and ecological advice to cool down your home - Geres","robots":{"index":"index","follow":"follow","max-snippet":"max-snippet:-1","max-image-preview":"max-image-preview:large","max-video-preview":"max-video-preview:-1"},"canonical":"https:\/\/www.geres.eu\/en\/news\/geres-news\/heat-waves-advice-cool-down-home\/","og_locale":"en_US","og_type":"article","og_title":"Heat waves: our practical, economical and ecological advice to cool down your home - Geres","og_description":"June 2022 saw an intense and early heat wave. Around the Mediterranean area where Geres works, climate change is making precarious households more vulnerable and increasing social inequalities. Our role is to help them implement energy-saving, more comfortable and environmentally friendly solutions in their homes.Here are some of our [&hellip;]","og_url":"https:\/\/www.geres.eu\/en\/news\/geres-news\/heat-waves-advice-cool-down-home\/","og_site_name":"Geres","article_publisher":"https:\/\/www.facebook.com\/geres.asso\/","article_published_time":"2022-07-05T12:40:04+00:00","article_modified_time":"2022-07-06T12:49:25+00:00","og_image":[{"width":1100,"height":500,"url":"https:\/\/www.geres.eu\/wp-content\/uploads\/2022\/07\/7-conseils-ecologiques-et-economiques-rafraichir-son-interieur.png","type":"image\/png"}],"twitter_card":"summary_large_image","twitter_creator":"@Geres_fr","twitter_site":"@Geres_fr","twitter_misc":{"Written by":"","Est. reading time":"10 minutes"},"schema":{"@context":"https:\/\/schema.org","@graph":[{"@type":"Article","@id":"https:\/\/www.geres.eu\/en\/news\/geres-news\/heat-waves-advice-cool-down-home\/#article","isPartOf":{"@id":"https:\/\/www.geres.eu\/en\/news\/geres-news\/heat-waves-advice-cool-down-home\/"},"author":{"name":"","@id":""},"headline":"Heat waves: our practical, economical and ecological advice to cool down your home","datePublished":"2022-07-05T12:40:04+00:00","dateModified":"2022-07-06T12:49:25+00:00","mainEntityOfPage":{"@id":"https:\/\/www.geres.eu\/en\/news\/geres-news\/heat-waves-advice-cool-down-home\/"},"wordCount":1918,"commentCount":0,"publisher":{"@id":"https:\/\/www.geres.eu\/en\/#organization"},"image":{"@id":"https:\/\/www.geres.eu\/en\/news\/geres-news\/heat-waves-advice-cool-down-home\/#primaryimage"},"thumbnailUrl":"https:\/\/www.geres.eu\/wp-content\/uploads\/2022\/07\/7-conseils-ecologiques-et-economiques-rafraichir-son-interieur.png","keywords":["advices","Heat","housing","refresh"],"articleSection":["Geres news"],"inLanguage":"en-US","potentialAction":[{"@type":"CommentAction","name":"Comment","target":["https:\/\/www.geres.eu\/en\/news\/geres-news\/heat-waves-advice-cool-down-home\/#respond"]}]},{"@type":"WebPage","@id":"https:\/\/www.geres.eu\/en\/news\/geres-news\/heat-waves-advice-cool-down-home\/","url":"https:\/\/www.geres.eu\/en\/news\/geres-news\/heat-waves-advice-cool-down-home\/","name":"Heat waves: our practical, economical and ecological advice to cool down your home - Geres","isPartOf":{"@id":"https:\/\/www.geres.eu\/en\/#website"},"primaryImageOfPage":{"@id":"https:\/\/www.geres.eu\/en\/news\/geres-news\/heat-waves-advice-cool-down-home\/#primaryimage"},"image":{"@id":"https:\/\/www.geres.eu\/en\/news\/geres-news\/heat-waves-advice-cool-down-home\/#primaryimage"},"thumbnailUrl":"https:\/\/www.geres.eu\/wp-content\/uploads\/2022\/07\/7-conseils-ecologiques-et-economiques-rafraichir-son-interieur.png","datePublished":"2022-07-05T12:40:04+00:00","dateModified":"2022-07-06T12:49:25+00:00","breadcrumb":{"@id":"https:\/\/www.geres.eu\/en\/news\/geres-news\/heat-waves-advice-cool-down-home\/#breadcrumb"},"inLanguage":"en-US","potentialAction":[{"@type":"ReadAction","target":["https:\/\/www.geres.eu\/en\/news\/geres-news\/heat-waves-advice-cool-down-home\/"]}]},{"@type":"ImageObject","inLanguage":"en-US","@id":"https:\/\/www.geres.eu\/en\/news\/geres-news\/heat-waves-advice-cool-down-home\/#primaryimage","url":"https:\/\/www.geres.eu\/wp-content\/uploads\/2022\/07\/7-conseils-ecologiques-et-economiques-rafraichir-son-interieur.png","contentUrl":"https:\/\/www.geres.eu\/wp-content\/uploads\/2022\/07\/7-conseils-ecologiques-et-economiques-rafraichir-son-interieur.png","width":1100,"height":500,"caption":"Heat waves: our practical, economical and ecological advice to cool down your home"},{"@type":"BreadcrumbList","@id":"https:\/\/www.geres.eu\/en\/news\/geres-news\/heat-waves-advice-cool-down-home\/#breadcrumb","itemListElement":[{"@type":"ListItem","position":1,"name":"Home","item":"https:\/\/www.geres.eu\/en\/"},{"@type":"ListItem","position":2,"name":"Heat waves: our practical, economical and ecological advice to cool down your home"}]},{"@type":"WebSite","@id":"https:\/\/www.geres.eu\/en\/#website","url":"https:\/\/www.geres.eu\/en\/","name":"Geres","description":"Acting for climate solidarity","publisher":{"@id":"https:\/\/www.geres.eu\/en\/#organization"},"potentialAction":[{"@type":"SearchAction","target":{"@type":"EntryPoint","urlTemplate":"https:\/\/www.geres.eu\/en\/?s={search_term_string}"},"query-input":{"@type":"PropertyValueSpecification","valueRequired":true,"valueName":"search_term_string"}}],"inLanguage":"en-US"},{"@type":"Organization","@id":"https:\/\/www.geres.eu\/en\/#organization","name":"Geres","url":"https:\/\/www.geres.eu\/en\/","logo":{"@type":"ImageObject","inLanguage":"en-US","@id":"https:\/\/www.geres.eu\/en\/#\/schema\/logo\/image\/","url":"https:\/\/www.geres.eu\/wp-content\/uploads\/2019\/10\/geres-logo-fr.png","contentUrl":"https:\/\/www.geres.eu\/wp-content\/uploads\/2019\/10\/geres-logo-fr.png","width":139,"height":92,"caption":"Geres"},"image":{"@id":"https:\/\/www.geres.eu\/en\/#\/schema\/logo\/image\/"},"sameAs":["https:\/\/www.facebook.com\/geres.asso\/","https:\/\/x.com\/Geres_fr","https:\/\/fr.linkedin.com\/company\/geres","https:\/\/www.youtube.com\/channel\/UCDAYdJgGXWW6kmtSeEuhNIQ","https:\/\/fr.wikipedia.org\/wiki\/Geres"]},{"@type":"Person","@id":""}]}},"_links":{"self":[{"href":"https:\/\/www.geres.eu\/en\/wp-json\/wp\/v2\/posts\/27731"}],"collection":[{"href":"https:\/\/www.geres.eu\/en\/wp-json\/wp\/v2\/posts"}],"about":[{"href":"https:\/\/www.geres.eu\/en\/wp-json\/wp\/v2\/types\/post"}],"author":[{"embeddable":true,"href":"https:\/\/www.geres.eu\/en\/wp-json\/wp\/v2\/users\/11"}],"replies":[{"embeddable":true,"href":"https:\/\/www.geres.eu\/en\/wp-json\/wp\/v2\/comments?post=27731"}],"version-history":[{"count":19,"href":"https:\/\/www.geres.eu\/en\/wp-json\/wp\/v2\/posts\/27731\/revisions"}],"predecessor-version":[{"id":27759,"href":"https:\/\/www.geres.eu\/en\/wp-json\/wp\/v2\/posts\/27731\/revisions\/27759"}],"wp:featuredmedia":[{"embeddable":true,"href":"https:\/\/www.geres.eu\/en\/wp-json\/wp\/v2\/media\/27716"}],"wp:attachment":[{"href":"https:\/\/www.geres.eu\/en\/wp-json\/wp\/v2\/media?parent=27731"}],"wp:term":[{"taxonomy":"category","embeddable":true,"href":"https:\/\/www.geres.eu\/en\/wp-json\/wp\/v2\/categories?post=27731"},{"taxonomy":"post_tag","embeddable":true,"href":"https:\/\/www.geres.eu\/en\/wp-json\/wp\/v2\/tags?post=27731"}],"curies":[{"name":"wp","href":"https:\/\/api.w.org\/{rel}","templated":true}]}}