{"id":28114,"date":"2022-09-15T18:55:48","date_gmt":"2022-09-15T16:55:48","guid":{"rendered":"https:\/\/www.geres.eu\/?p=28114"},"modified":"2022-09-21T12:12:40","modified_gmt":"2022-09-21T10:12:40","slug":"new-opportunities_for-unemployed-youth-in-tajikistan","status":"publish","type":"post","link":"https:\/\/www.geres.eu\/en\/news\/project-news\/new-opportunities_for-unemployed-youth-in-tajikistan\/","title":{"rendered":"New opportunities for unemployed youth in Tajikistan"},"content":{"rendered":"<p>[et_pb_section fb_built=&#8221;1&#8243; fullwidth=&#8221;on&#8221; _builder_version=&#8221;3.25.3&#8243;][diba_header_article _builder_version=&#8221;3.25.3&#8243; width=&#8221;1400px&#8221; max_width=&#8221;100%&#8221; module_alignment=&#8221;center&#8221; height=&#8221;505px&#8221;][\/diba_header_article][\/et_pb_section][et_pb_section fb_built=&#8221;1&#8243; custom_padding_last_edited=&#8221;on|tablet&#8221; _builder_version=&#8221;3.25.3&#8243; custom_padding=&#8221;0px||0px|||&#8221; custom_padding_tablet=&#8221;|20px||20px&#8221; custom_padding_phone=&#8221;&#8221;][et_pb_row _builder_version=&#8221;3.25.3&#8243; width=&#8221;100%&#8221; max_width=&#8221;1400px&#8221; module_alignment=&#8221;center&#8221; custom_margin=&#8221;|||&#8221; custom_margin_tablet=&#8221;&#8221; custom_margin_phone=&#8221;&#8221; custom_margin_last_edited=&#8221;on|desktop&#8221; custom_padding=&#8221;|10px|0px|10px||&#8221;][et_pb_column type=&#8221;4_4&#8243; _builder_version=&#8221;3.25.3&#8243;][bastad_breadcrumb _builder_version=&#8221;3.25.3&#8243;][\/bastad_breadcrumb][\/et_pb_column][\/et_pb_row][et_pb_row _builder_version=&#8221;3.25.3&#8243; width=&#8221;100%&#8221; max_width=&#8221;1400px&#8221; custom_padding=&#8221;0px||12px|||&#8221; locked=&#8221;off&#8221;][et_pb_column type=&#8221;4_4&#8243; _builder_version=&#8221;3.25.3&#8243;][et_pb_text module_class=&#8221;introduction-guide&#8221; _builder_version=&#8221;4.9.4&#8243; text_font=&#8221;||||||||&#8221; text_text_color=&#8221;#000000&#8243; text_font_size=&#8221;24px&#8221; text_line_height=&#8221;1.65em&#8221; link_font=&#8221;||||||||&#8221; ul_font=&#8221;||||||||&#8221; ol_font=&#8221;||||||||&#8221; header_font=&#8221;||||||||&#8221; header_font_size=&#8221;29px&#8221; background_color=&#8221;#ffffff&#8221; background_image=&#8221;https:\/\/www.geres.eu\/wp-content\/uploads\/2019\/07\/BG-4.jpg&#8221; custom_padding=&#8221;44px|84px|11px|65px||&#8221; custom_padding_tablet=&#8221;40px|50px|40px|50px&#8221; custom_padding_phone=&#8221;|40px||40px&#8221; custom_padding_last_edited=&#8221;on|phone&#8221; text_font_size_tablet=&#8221;17px&#8221; text_font_size_phone=&#8221;17px&#8221; text_font_size_last_edited=&#8221;on|phone&#8221;]<\/p>\n<h1 style=\"text-align: center;\">In october 2021, Geres in collaboration with local NGO\u2019s, launched a series of action to help tackle tajik youth unemployment. Part of them consisted in training youth to acquire energy efficient construction skills. Let\u2019s zoom in on the successful journey of Sherzod. This project is funded by the European Union.<\/h1>\n<p>[\/et_pb_text][\/et_pb_column][\/et_pb_row][\/et_pb_section][et_pb_section fb_built=&#8221;1&#8243; custom_padding_last_edited=&#8221;on|tablet&#8221; _builder_version=&#8221;3.25.3&#8243; custom_padding=&#8221;0px||0px|||&#8221; custom_padding_tablet=&#8221;|20px||20px&#8221; custom_padding_phone=&#8221;&#8221;][et_pb_row module_class=&#8221;content-page-article&#8221; _builder_version=&#8221;4.9.4&#8243; width=&#8221;100%&#8221; max_width=&#8221;768px&#8221; module_alignment=&#8221;center&#8221; custom_padding=&#8221;26px||7px|||&#8221; saved_tabs=&#8221;all&#8221; locked=&#8221;off&#8221;][et_pb_column type=&#8221;4_4&#8243; _builder_version=&#8221;3.25.3&#8243;][et_pb_text _builder_version=&#8221;4.9.4&#8243; custom_margin=&#8221;||3px|||&#8221; custom_padding=&#8221;0px|0px|24px|0px||&#8221; custom_padding_tablet=&#8221;|0px||0px&#8221; custom_padding_phone=&#8221;&#8221; custom_padding_last_edited=&#8221;on|tablet&#8221; link_option_url_new_window=&#8221;on&#8221;]<\/p>\n<p>High level of unemployment in Tajikistan is forcing thousands of citizens to look for temporary work opportunities, in the markets and construction sites. Only few can get some job and mostly those who master some craft.<\/p>\n<p><a href=\"https:\/\/www.geres.eu\/en\/our-actions\/countries-of-intervention\/tajikistan\/\"><b>Understand Tadjikistan&#8217;s energetic stakes\u00a0<\/b><\/a><\/p>\n<p style=\"text-align: justify;\">In order to contribute to the empowerment of youth, particularly in rural areas of the country, Geres launched a training cycle in collaboration with Little Earth and Umedbakhsh. Little Earth is an environmental NGO that has been working since 1997 to raise awareness about natural resource management and climate change, specifically targeting youth in Tajikistan.<\/p>\n<p style=\"text-align: justify;\"><a href=\"https:\/\/www.geres.eu\/en\/news\/project-news\/paving-the-way-for-change-with-the-youth-in-tajikistan\/\"><b>More information about the project\u00a0<\/b><\/a><\/p>\n<h2 style=\"text-align: left;\">SHERZOD&#8217;s journey and learning from the training<\/h2>\n<p>Sherzod Khudzhaev, a 34-year-old unemployed resident of the village of Somoniyon in the Rudaki district, looks for work almost daily to support himself and his family. He lives with his wife and two young children together with his parents, two brothers and a sister. Sherzod did not finish the school and left for Russia, despite objections from his parents. As he did not receive a school leaving certificate, he could not learn any profession sticking to basic jobs.<\/p>\n<p>[\/et_pb_text][et_pb_image src=&#8221;https:\/\/www.geres.eu\/wp-content\/uploads\/2022\/09\/Sans-titre2.png&#8221; alt=&#8221;sherzod sur le mur&#8221; title_text=&#8221;Sans titre(2)&#8221; _builder_version=&#8221;4.9.4&#8243; _module_preset=&#8221;default&#8221;][\/et_pb_image][et_pb_text _builder_version=&#8221;4.9.4&#8243; custom_margin=&#8221;||3px|||&#8221; custom_padding=&#8221;0px|0px|19px|0px||&#8221; custom_padding_tablet=&#8221;|0px||0px&#8221; custom_padding_phone=&#8221;&#8221; custom_padding_last_edited=&#8221;on|tablet&#8221; link_option_url_new_window=&#8221;on&#8221;]<\/p>\n<p>While looking for another job in his village, Sherzod came across the chairman of the village council, who told him about the short-term courses for young people, conducted by Geres. At the end of the five-day course, participants receive a certificate confirming their skills in the field of energy efficient construction. With doubts that one could learn something in short time, Sherzod nevertheless asked the chairman to put his name on the list.<\/p>\n<p>On the first day of the training, Faridun Bazarov, a specialist in energy-efficient construction of the Geres, told the participants: <em>\u201cYou will not only receive theoretical knowledge in energy efficiency construction, but also practical skills. We will teach you how to effectively use thermal insulation materials in order to save energy for heating of your home.\u201d<\/em><\/p>\n<p>&nbsp;<\/p>\n<p>[\/et_pb_text][et_pb_image src=&#8221;https:\/\/www.geres.eu\/wp-content\/uploads\/2022\/09\/Sans-titre4.png&#8221; title_text=&#8221;Sans titre(4)&#8221; _builder_version=&#8221;4.9.4&#8243; _module_preset=&#8221;default&#8221;][\/et_pb_image][et_pb_text _builder_version=&#8221;4.9.4&#8243; _module_preset=&#8221;default&#8221;]<\/p>\n<p>After graduation, Sherzod is convinced that he did the right thing by attending the course: <em>\u201cI am very glad that I got into the group of participants, because in a short time I learned how to build and renovate houses with the goal of low energy consumption. I also received a certificate, the first document in my life confirming my skills. I have got motivation to look for a job now. I am not more ashamed in front of my parents and relatives.\u201d,<\/em> Sherzod shares with a joy in his eyes.<\/p>\n<p>[\/et_pb_text][et_pb_image src=&#8221;https:\/\/www.geres.eu\/wp-content\/uploads\/2022\/09\/Sans-titre3.png&#8221; alt=&#8221;Energy audit of a nursery in the province of Arkhangai in Mongolia&#8221; title_text=&#8221;Sans titre(3)&#8221; _builder_version=&#8221;4.9.4&#8243; _module_preset=&#8221;default&#8221;][\/et_pb_image][et_pb_text _builder_version=&#8221;4.9.4&#8243; custom_margin=&#8221;||3px|||&#8221; custom_padding=&#8221;0px|0px|24px|0px||&#8221; custom_padding_tablet=&#8221;|0px||0px&#8221; custom_padding_phone=&#8221;&#8221; custom_padding_last_edited=&#8221;on|tablet&#8221; link_option_url_new_window=&#8221;on&#8221; locked=&#8221;off&#8221;]<\/p>\n<h2>geres energy efficiency construction training reinforced 120 youth skills in four pilot districts<\/h2>\n<p style=\"text-align: justify;\">According to the United Nations Population Fund, the average age of the population of Tajikistan is 22.5 years. Every year more than 180,000 people enter the labor market in the country, most of them young people, disappointed with life. For their employment, it is necessary to create jobs in the market. One component of the project &#8211; Raising awareness among young people about climate change and the development of the climate-friendly construction sector in Tajikistan &#8211; funded by the European Union, is focused on the unemployed youth.<\/p>\n<p style=\"text-align: justify;\">Geres selected four pilot districts and analyzed the labor market there with help from local authorities. In these areas, they identified unemployed youth without education and involved them in short-term training in the use of energy-efficient technologies in construction and renovation of houses. Many people volunteered to attend as news about these courses quickly spread around the villages.<\/p>\n<p style=\"text-align: justify;\">Each course has 5 students for five full days. Geres provides participants with educational materials, visual aids and building materials. The practical part involves insulating of a winter room in the houses of low-income families from community. According to Shamsiddin Khudoyberdiev, another Geres expert:<\/p>\n<p><em>\u201cAfter the theoretical part, we demonstrate to the course participants how to apply insulating materials to exterior walls, floors and ceilings of the houses. They quickly learn this method of construction while house owners will spend less energy on heating in winter and cooling in summer. This will also have a positive effect for the environment.\u201d<\/em><\/p>\n<p>[\/et_pb_text][et_pb_video src=&#8221;https:\/\/youtu.be\/tfUDr-B4jBc&#8221; _builder_version=&#8221;4.9.4&#8243; _module_preset=&#8221;default&#8221;][\/et_pb_video][et_pb_text _builder_version=&#8221;4.9.4&#8243; _module_preset=&#8221;default&#8221; custom_padding=&#8221;|||13px||&#8221; locked=&#8221;off&#8221;]<\/p>\n<p>Sherzod&#8217;s parents were chosen as beneficiaries of the project too. Along with other participants, he has insulated the ceiling and floor, outer walls, sealed the door, installed new windows in the room where his parents spend winter.<\/p>\n<p>In total 120 young people have been trained in energy efficiency courses in four pilot districts. Each course participant received a set of construction tools, which allow them to carry out such work in the future. After the course, the groups of trained youth insulated more than 100 houses of other low-income families gaining temporary work opportunities, under another Geres project financed by the Swiss Developement and Cooperation and Abbe Pierre Foundation.<\/p>\n<p>Sherzod and others hope for better future, thanks to knowledge and practical skills they have gained. They hope to find jobs easier, as their skills and certificates distinguish them from simple laborers on the market.<\/p>\n<p><span style=\"font-size: medium;\"><strong><em>This testimonial was inspired by an article written by a local journalist Muhayo Orifova. It\u00a0was produced with the financial support of the European Union. Its contents are the sole responsibility of Geres and do not necessarily reflect the views of the European Union <\/em><\/strong><\/span><\/p>\n<p>&nbsp;<\/p>\n<p>[\/et_pb_text][et_pb_image src=&#8221;https:\/\/www.geres.eu\/wp-content\/uploads\/2022\/09\/Sans-titre5.png&#8221; alt=&#8221;Energy efficiency awareness for Mongolian children&#8221; title_text=&#8221;Sans titre(5)&#8221; _builder_version=&#8221;4.9.4&#8243; _module_preset=&#8221;default&#8221;][\/et_pb_image][et_pb_video src=&#8221;http:\/\/https:\/\/youtu.be\/Pgmw4AhvuCg&#8221; _builder_version=&#8221;4.9.4&#8243; _module_preset=&#8221;default&#8221;][\/et_pb_video][\/et_pb_column][\/et_pb_row][et_pb_row _builder_version=&#8221;4.9.4&#8243; _module_preset=&#8221;default&#8221; column_structure=&#8221;1_3,1_3,1_3&#8243;][et_pb_column _builder_version=&#8221;4.9.4&#8243; _module_preset=&#8221;default&#8221; type=&#8221;1_3&#8243;][\/et_pb_column][et_pb_column _builder_version=&#8221;4.9.4&#8243; _module_preset=&#8221;default&#8221; type=&#8221;1_3&#8243;][diba_content_popup image=&#8221;https:\/\/www.geres.eu\/wp-content\/uploads\/2022\/09\/Horizontal_En_Funded.png&#8221; _builder_version=&#8221;4.9.4&#8243; hover_enabled=&#8221;0&#8243; locked=&#8221;off&#8221; alt=&#8221;Dynamo project funded by European Union&#8221; title_text=&#8221;Dynamo project funded by European Union&#8221; sticky_enabled=&#8221;0&#8243;][\/diba_content_popup][\/et_pb_column][et_pb_column _builder_version=&#8221;4.9.4&#8243; _module_preset=&#8221;default&#8221; type=&#8221;1_3&#8243;][\/et_pb_column][\/et_pb_row][\/et_pb_section][et_pb_section fb_built=&#8221;1&#8243; disabled_on=&#8221;off|off|off&#8221; _builder_version=&#8221;3.25.3&#8243; custom_padding=&#8221;0px||4px|||&#8221; border_width_top=&#8221;1px&#8221; border_color_top=&#8221;rgba(92,122,153,0.25)&#8221;][et_pb_row _builder_version=&#8221;3.25.3&#8243; custom_margin=&#8221;||0px&#8221; custom_padding=&#8221;48px|20px|0px|20px||&#8221; locked=&#8221;off&#8221;][et_pb_column type=&#8221;4_4&#8243; _builder_version=&#8221;3.25.3&#8243;][et_pb_text _builder_version=&#8221;3.27.4&#8243; text_font=&#8221;||||||||&#8221; text_text_color=&#8221;#FFB622&#8243; text_font_size=&#8221;42px&#8221; text_line_height=&#8221;0em&#8221; ul_font=&#8221;||||||||&#8221; header_font=&#8221;||||||||&#8221; header_text_align=&#8221;center&#8221; header_2_font=&#8221;||||||||&#8221; header_2_text_align=&#8221;center&#8221; header_2_text_color=&#8221;#000000&#8243; header_2_font_size=&#8221;56px&#8221; text_orientation=&#8221;center&#8221; custom_margin=&#8221;24px||3px|0px||&#8221; custom_margin_tablet=&#8221;0px|||0px&#8221; custom_margin_phone=&#8221;&#8221; custom_margin_last_edited=&#8221;on|desktop&#8221; custom_padding=&#8221;||14px|||&#8221; header_2_text_align_tablet=&#8221;&#8221; header_2_text_align_phone=&#8221;center&#8221; header_2_text_align_last_edited=&#8221;on|phone&#8221; header_2_font_size_tablet=&#8221;47px&#8221; header_2_font_size_phone=&#8221;&#8221; header_2_font_size_last_edited=&#8221;on|tablet&#8221; custom_css_main_element=&#8221;display: flex;||justify-content:center;&#8221; text_text_align=&#8221;center&#8221;]<\/p>\n<h2>Geres news in Tadjikistan<\/h2>\n<p>[\/et_pb_text][et_pb_divider color=&#8221;#ffb622&#8243; divider_weight=&#8221;4px&#8221; _builder_version=&#8221;3.25.3&#8243; width=&#8221;10%&#8221; module_alignment=&#8221;center&#8221; custom_margin=&#8221;-8px||0px&#8221; custom_padding=&#8221;||0px&#8221;][\/et_pb_divider][\/et_pb_column][\/et_pb_row][et_pb_row _builder_version=&#8221;3.25.3&#8243; width=&#8221;100%&#8221; max_width=&#8221;1400px&#8221;][et_pb_column type=&#8221;4_4&#8243; _builder_version=&#8221;3.25.3&#8243;][et_pb_dpfilterable_blog posts_number=&#8221;3&#8243; include_categories=&#8221;60&#8243; show_categories=&#8221;off&#8221; show_date=&#8221;on&#8221; meta_date=&#8221;j M Y&#8221; show_excerpt=&#8221;on&#8221; show_pagination=&#8221;off&#8221; use_overlay=&#8221;off&#8221; module_class=&#8221;no-filter&#8221; _builder_version=&#8221;3.25.3&#8243; filter_font=&#8221;|700|||||||&#8221; filter_font_size=&#8221;10px&#8221; filter_letter_spacing=&#8221;1px&#8221; filter_active_font=&#8221;||||||||&#8221; filter_active_font_size=&#8221;10px&#8221; title_font=&#8221;|700|||||||&#8221; title_font_size=&#8221;19px&#8221; caption_font=&#8221;||||||||&#8221; caption_text_color=&#8221;#568a6c&#8221; cf_label_font=&#8221;||||||||&#8221; excerpt_font=&#8221;||||||||&#8221; excerpt_font_size=&#8221;16px&#8221;][\/et_pb_dpfilterable_blog][et_pb_button button_url=&#8221;https:\/\/www.geres.eu\/en\/news\/projects-news\/&#8221; button_text=&#8221;TOUTES NOS ACTUALIT\u00c9S&#8221; button_alignment=&#8221;center&#8221; _builder_version=&#8221;3.25.3&#8243; custom_button=&#8221;on&#8221; button_text_size=&#8221;14px&#8221; button_text_color=&#8221;#000000&#8243; button_border_color=&#8221;#FCBF00&#8243; button_border_radius=&#8221;0px&#8221; button_font=&#8221;||||||||&#8221; custom_padding=&#8221;12px|55px|12px|55px&#8221;][\/et_pb_button][\/et_pb_column][\/et_pb_row][\/et_pb_section][et_pb_section fb_built=&#8221;1&#8243; module_class=&#8221;agir-en-faveur&#8221; _builder_version=&#8221;4.0.6&#8243; background_image=&#8221;https:\/\/www.geres.eu\/wp-content\/uploads\/2019\/07\/Group-14-1-1.svg&#8221; saved_tabs=&#8221;all&#8221; locked=&#8221;off&#8221;][et_pb_row _builder_version=&#8221;4.0.6&#8243; width=&#8221;90%&#8221; max_width=&#8221;1400px&#8221; custom_padding=&#8221;|20px||20px&#8221;][et_pb_column type=&#8221;4_4&#8243; _builder_version=&#8221;3.25.3&#8243;][et_pb_text _builder_version=&#8221;3.27.4&#8243; text_font=&#8221;||||||||&#8221; header_font=&#8221;||||||||&#8221; header_text_color=&#8221;#ffffff&#8221; header_font_size=&#8221;37px&#8221; header_line_height=&#8221;1.2em&#8221; header_2_font=&#8221;||||||||&#8221; header_3_font=&#8221;||||||||&#8221; header_3_text_align=&#8221;center&#8221; header_3_text_color=&#8221;#ffffff&#8221; header_3_font_size=&#8221;37px&#8221; header_3_line_height=&#8221;1.2em&#8221; header_3_font_size_tablet=&#8221;31px&#8221; header_3_font_size_phone=&#8221;28px&#8221; header_3_font_size_last_edited=&#8221;on|phone&#8221;]<\/p>\n<h3>VOUS SOUHAITEZ AGIR EN FAVEUR DE LA SOLIDARIT\u00c9<br \/>\nCLIMATIQUE ET SOUTENIR NOS ACTIONS ?<\/h3>\n<p>[\/et_pb_text][et_pb_text _builder_version=&#8221;3.25.3&#8243; text_font=&#8221;||||||||&#8221; text_text_color=&#8221;#ffffff&#8221; text_font_size=&#8221;20px&#8221; header_font=&#8221;||||||||&#8221; header_text_align=&#8221;center&#8221; text_orientation=&#8221;center&#8221; custom_padding_tablet=&#8221;|20px||20px&#8221; custom_padding_phone=&#8221;&#8221; custom_padding_last_edited=&#8221;on|tablet&#8221; custom_css_main_element=&#8221;display: flex;||justify-content:center;&#8221; text_text_align=&#8221;center&#8221;]<\/p>\n<p style=\"text-align: center;\">Dites-nous qui vous \u00eates et d\u00e9couvrez vos moyens d&#8217;action<\/p>\n<p>[\/et_pb_text][\/et_pb_column][\/et_pb_row][et_pb_row column_structure=&#8221;1_2,1_2&#8243; _builder_version=&#8221;3.25.3&#8243; width=&#8221;90%&#8221; max_width=&#8221;1400px&#8221; custom_margin=&#8221;||0px|&#8221; custom_padding=&#8221;||0px|0px&#8221;][et_pb_column type=&#8221;1_2&#8243; _builder_version=&#8221;3.25.3&#8243;][et_pb_text _builder_version=&#8221;4.0.6&#8243; custom_css_main_element=&#8221;background: white;&#8221;]<\/p>\n<div class=\"perso-onglet\">\n<h4><strong>CITOYEN\u00b7NE\u00b7S<\/strong><\/h4>\n<p>Parce que la Solidarit\u00e9 climatique est l\u2019affaire de toutes et tous, le Geres vous donne les cl\u00e9s pour passer \u00e0 l\u2019action.<\/p>\n<p><a class=\"perso-onglet-button\" href=\"https:\/\/www.geres.eu\/en\/take-action\/citizens\/\">AGIR EN TANT QUE CITOYEN\u00b7NE<\/a><\/p>\n<\/div>\n<p>[\/et_pb_text][\/et_pb_column][et_pb_column type=&#8221;1_2&#8243; _builder_version=&#8221;3.25.3&#8243;][et_pb_text _builder_version=&#8221;4.0.6&#8243; custom_css_main_element=&#8221;background: white;&#8221;]<\/p>\n<div class=\"perso-onglet\">\n<h4><strong>ENTREPRISES<\/strong><\/h4>\n<p>En tant que dirigeant\u00b7e d&#8217;entreprise, employ\u00e9\u00b7e ou client\u00b7e responsable, vous avez le pouvoir d&#8217;agir au quotidien.<\/p>\n<p><a class=\"perso-onglet-button\" href=\"https:\/\/www.geres.eu\/en\/take-action\/private-sector\/\">AGIR EN TANT QU&#8217;ENTREPRISE<\/a><\/p>\n<\/div>\n<p>[\/et_pb_text][\/et_pb_column][\/et_pb_row][et_pb_row column_structure=&#8221;1_2,1_2&#8243; _builder_version=&#8221;3.25.3&#8243; width=&#8221;90%&#8221; max_width=&#8221;1400px&#8221;][et_pb_column type=&#8221;1_2&#8243; _builder_version=&#8221;3.25.3&#8243;][et_pb_text admin_label=&#8221;Texte&#8221; _builder_version=&#8221;4.0.6&#8243; custom_css_main_element=&#8221;background: white;&#8221;]<\/p>\n<div class=\"perso-onglet\">\n<h4><strong>INSTITUTIONS &amp; COLLECTIVIT\u00c9S<\/strong><\/h4>\n<p>Soutenez nos actions en France et \u00e0 l&#8217;international et devenez un acteur de la Solidarit\u00e9 climatique.<\/p>\n<p><a class=\"perso-onglet-button\" href=\"https:\/\/www.geres.eu\/en\/take-action\/institutional-local-actors\/\">AGIR EN TANT QU&#8217;INSTITUTION<\/a><\/p>\n<\/div>\n<p>[\/et_pb_text][\/et_pb_column][et_pb_column type=&#8221;1_2&#8243; _builder_version=&#8221;3.25.3&#8243;][et_pb_text _builder_version=&#8221;4.0.6&#8243; custom_css_main_element=&#8221;background: white;&#8221;]<\/p>\n<div class=\"perso-onglet\">\n<h4><strong>FONDATIONS<\/strong><\/h4>\n<p>En vous engageant aux c\u00f4t\u00e9s du Geres, vous contribuez \u00e0 la mise en \u0153uvre d\u2019actions innovantes et concr\u00e8tes.<\/p>\n<p><a class=\"perso-onglet-button\" href=\"https:\/\/www.geres.eu\/en\/take-action\/foundations\/\">AGIR EN TANT QUE FONDATION<\/a><\/p>\n<\/div>\n<p>[\/et_pb_text][\/et_pb_column][\/et_pb_row][et_pb_row _builder_version=&#8221;3.25.3&#8243;][et_pb_column type=&#8221;4_4&#8243; _builder_version=&#8221;3.25.3&#8243;][et_pb_code _builder_version=&#8221;4.0.6&#8243; text_orientation=&#8221;center&#8221; link_option_url=&#8221;#&#8221;]<a class=\"contact-override\" href=\"https:\/\/www.geres.eu\/en\/take-action\/contact\/\">AUTRE PROFIL ? CONTACTEZ-NOUS<\/a>[\/et_pb_code][\/et_pb_column][\/et_pb_row][\/et_pb_section]<\/p>\n","protected":false},"excerpt":{"rendered":"<p><div class=\"et_pb_module diba_header_article diba_header_article_0\">\n\t\t\t\t\n\t\t\t\t\n\t\t\t\t\n\t\t\t\t\n\t\t\t\t\n\t\t\t\t\n\t\t\t\t<div class=\"et_pb_module_inner\">\n\t\t\t\t\t<div class='header_article'>\n\t\t\t\t\t\t<div class='image_article' style='background-image: url()'><\/div>\n\t\t\t\t\t\t<span class='date'><\/span>\n\t\t\t\t\t\t<h1><\/h1>\n\t\t\t\t   <\/div>\n\t\t\t\t<\/div>\n\t\t\t<\/div><div class=\"et_pb_module bastad_breadcrumb bastad_breadcrumb_0\">\n\t\t\t\t\n\t\t\t\t\n\t\t\t\t\n\t\t\t\t\n\t\t\t\t\n\t\t\t\t\n\t\t\t\t<div class=\"et_pb_module_inner\">\n\t\t\t\t\t<div class='breadcrumb'><span property=\"itemListElement\" typeof=\"ListItem\"><a property=\"item\" typeof=\"WebPage\" title=\"Go to Geres.\" href=\"https:\/\/www.geres.eu\/en\/\" class=\"home\" aria-current=\"page\"><span property=\"name\"><i class=\"home-i\"><\/i><\/span><\/a><meta property=\"position\" content=\"1\"><\/span><\/div>\n\t\t\t\t<\/div>\n\t\t\t<\/div>In october 2021, Geres in collaboration with local NGO\u2019s, launched a series of action to help tackle tajik youth unemployment. Part of them consisted in training youth to acquire energy efficient construction skills. Let\u2019s zoom in on the successful journey of Sherzod. This project is funded by the European [&hellip;]<\/p>\n","protected":false},"author":11,"featured_media":28130,"comment_status":"open","ping_status":"open","sticky":false,"template":"","format":"standard","meta":{"_acf_changed":false,"_et_pb_use_builder":"on","_et_pb_old_content":"","_et_gb_content_width":"","footnotes":""},"categories":[49,92],"tags":[],"class_list":["post-28114","post","type-post","status-publish","format-standard","has-post-thumbnail","hentry","category-l-actualite-des-projets","category-project-news","post-states-tadjikistan-en"],"acf":[],"yoast_head":"<!-- This site is optimized with the Yoast SEO plugin v25.6 - https:\/\/yoast.com\/wordpress\/plugins\/seo\/ -->\n<title>New opportunities for unemployed youth in Tajikistan - Geres<\/title>\n<meta name=\"robots\" content=\"index, follow, max-snippet:-1, max-image-preview:large, max-video-preview:-1\" \/>\n<link rel=\"canonical\" href=\"https:\/\/www.geres.eu\/en\/news\/project-news\/new-opportunities_for-unemployed-youth-in-tajikistan\/\" \/>\n<meta property=\"og:locale\" content=\"en_US\" \/>\n<meta property=\"og:type\" content=\"article\" \/>\n<meta property=\"og:title\" content=\"New opportunities for unemployed youth in Tajikistan - Geres\" \/>\n<meta property=\"og:description\" content=\"In october 2021, Geres in collaboration with local NGO\u2019s, launched a series of action to help tackle tajik youth unemployment. Part of them consisted in training youth to acquire energy efficient construction skills. Let\u2019s zoom in on the successful journey of Sherzod. This project is funded by the European [&hellip;]\" \/>\n<meta property=\"og:url\" content=\"https:\/\/www.geres.eu\/en\/news\/project-news\/new-opportunities_for-unemployed-youth-in-tajikistan\/\" \/>\n<meta property=\"og:site_name\" content=\"Geres\" \/>\n<meta property=\"article:publisher\" content=\"https:\/\/www.facebook.com\/geres.asso\/\" \/>\n<meta property=\"article:published_time\" content=\"2022-09-15T16:55:48+00:00\" \/>\n<meta property=\"article:modified_time\" content=\"2022-09-21T10:12:40+00:00\" \/>\n<meta property=\"og:image\" content=\"https:\/\/www.geres.eu\/wp-content\/uploads\/2022\/08\/middle.png\" \/>\n\t<meta property=\"og:image:width\" content=\"1100\" \/>\n\t<meta property=\"og:image:height\" content=\"500\" \/>\n\t<meta property=\"og:image:type\" content=\"image\/png\" \/>\n<meta name=\"twitter:card\" content=\"summary_large_image\" \/>\n<meta name=\"twitter:creator\" content=\"@Geres_fr\" \/>\n<meta name=\"twitter:site\" content=\"@Geres_fr\" \/>\n<meta name=\"twitter:label1\" content=\"Written by\" \/>\n\t<meta name=\"twitter:data1\" content=\"\" \/>\n\t<meta name=\"twitter:label2\" content=\"Est. reading time\" \/>\n\t<meta name=\"twitter:data2\" content=\"8 minutes\" \/>\n<script type=\"application\/ld+json\" class=\"yoast-schema-graph\">{\"@context\":\"https:\/\/schema.org\",\"@graph\":[{\"@type\":\"Article\",\"@id\":\"https:\/\/www.geres.eu\/en\/news\/project-news\/new-opportunities_for-unemployed-youth-in-tajikistan\/#article\",\"isPartOf\":{\"@id\":\"https:\/\/www.geres.eu\/en\/news\/project-news\/new-opportunities_for-unemployed-youth-in-tajikistan\/\"},\"author\":{\"name\":\"\",\"@id\":\"\"},\"headline\":\"New opportunities for unemployed youth in Tajikistan\",\"datePublished\":\"2022-09-15T16:55:48+00:00\",\"dateModified\":\"2022-09-21T10:12:40+00:00\",\"mainEntityOfPage\":{\"@id\":\"https:\/\/www.geres.eu\/en\/news\/project-news\/new-opportunities_for-unemployed-youth-in-tajikistan\/\"},\"wordCount\":2384,\"commentCount\":0,\"publisher\":{\"@id\":\"https:\/\/www.geres.eu\/en\/#organization\"},\"image\":{\"@id\":\"https:\/\/www.geres.eu\/en\/news\/project-news\/new-opportunities_for-unemployed-youth-in-tajikistan\/#primaryimage\"},\"thumbnailUrl\":\"https:\/\/www.geres.eu\/wp-content\/uploads\/2022\/08\/middle.png\",\"articleSection\":[\"L'actualit\u00e9 des projets\",\"Project news\"],\"inLanguage\":\"en-US\",\"potentialAction\":[{\"@type\":\"CommentAction\",\"name\":\"Comment\",\"target\":[\"https:\/\/www.geres.eu\/en\/news\/project-news\/new-opportunities_for-unemployed-youth-in-tajikistan\/#respond\"]}]},{\"@type\":\"WebPage\",\"@id\":\"https:\/\/www.geres.eu\/en\/news\/project-news\/new-opportunities_for-unemployed-youth-in-tajikistan\/\",\"url\":\"https:\/\/www.geres.eu\/en\/news\/project-news\/new-opportunities_for-unemployed-youth-in-tajikistan\/\",\"name\":\"New opportunities for unemployed youth in Tajikistan - Geres\",\"isPartOf\":{\"@id\":\"https:\/\/www.geres.eu\/en\/#website\"},\"primaryImageOfPage\":{\"@id\":\"https:\/\/www.geres.eu\/en\/news\/project-news\/new-opportunities_for-unemployed-youth-in-tajikistan\/#primaryimage\"},\"image\":{\"@id\":\"https:\/\/www.geres.eu\/en\/news\/project-news\/new-opportunities_for-unemployed-youth-in-tajikistan\/#primaryimage\"},\"thumbnailUrl\":\"https:\/\/www.geres.eu\/wp-content\/uploads\/2022\/08\/middle.png\",\"datePublished\":\"2022-09-15T16:55:48+00:00\",\"dateModified\":\"2022-09-21T10:12:40+00:00\",\"breadcrumb\":{\"@id\":\"https:\/\/www.geres.eu\/en\/news\/project-news\/new-opportunities_for-unemployed-youth-in-tajikistan\/#breadcrumb\"},\"inLanguage\":\"en-US\",\"potentialAction\":[{\"@type\":\"ReadAction\",\"target\":[\"https:\/\/www.geres.eu\/en\/news\/project-news\/new-opportunities_for-unemployed-youth-in-tajikistan\/\"]}]},{\"@type\":\"ImageObject\",\"inLanguage\":\"en-US\",\"@id\":\"https:\/\/www.geres.eu\/en\/news\/project-news\/new-opportunities_for-unemployed-youth-in-tajikistan\/#primaryimage\",\"url\":\"https:\/\/www.geres.eu\/wp-content\/uploads\/2022\/08\/middle.png\",\"contentUrl\":\"https:\/\/www.geres.eu\/wp-content\/uploads\/2022\/08\/middle.png\",\"width\":1100,\"height\":500},{\"@type\":\"BreadcrumbList\",\"@id\":\"https:\/\/www.geres.eu\/en\/news\/project-news\/new-opportunities_for-unemployed-youth-in-tajikistan\/#breadcrumb\",\"itemListElement\":[{\"@type\":\"ListItem\",\"position\":1,\"name\":\"Home\",\"item\":\"https:\/\/www.geres.eu\/en\/\"},{\"@type\":\"ListItem\",\"position\":2,\"name\":\"New opportunities for unemployed youth in Tajikistan\"}]},{\"@type\":\"WebSite\",\"@id\":\"https:\/\/www.geres.eu\/en\/#website\",\"url\":\"https:\/\/www.geres.eu\/en\/\",\"name\":\"Geres\",\"description\":\"Acting for climate solidarity\",\"publisher\":{\"@id\":\"https:\/\/www.geres.eu\/en\/#organization\"},\"potentialAction\":[{\"@type\":\"SearchAction\",\"target\":{\"@type\":\"EntryPoint\",\"urlTemplate\":\"https:\/\/www.geres.eu\/en\/?s={search_term_string}\"},\"query-input\":{\"@type\":\"PropertyValueSpecification\",\"valueRequired\":true,\"valueName\":\"search_term_string\"}}],\"inLanguage\":\"en-US\"},{\"@type\":\"Organization\",\"@id\":\"https:\/\/www.geres.eu\/en\/#organization\",\"name\":\"Geres\",\"url\":\"https:\/\/www.geres.eu\/en\/\",\"logo\":{\"@type\":\"ImageObject\",\"inLanguage\":\"en-US\",\"@id\":\"https:\/\/www.geres.eu\/en\/#\/schema\/logo\/image\/\",\"url\":\"https:\/\/www.geres.eu\/wp-content\/uploads\/2019\/10\/geres-logo-fr.png\",\"contentUrl\":\"https:\/\/www.geres.eu\/wp-content\/uploads\/2019\/10\/geres-logo-fr.png\",\"width\":139,\"height\":92,\"caption\":\"Geres\"},\"image\":{\"@id\":\"https:\/\/www.geres.eu\/en\/#\/schema\/logo\/image\/\"},\"sameAs\":[\"https:\/\/www.facebook.com\/geres.asso\/\",\"https:\/\/x.com\/Geres_fr\",\"https:\/\/fr.linkedin.com\/company\/geres\",\"https:\/\/www.youtube.com\/channel\/UCDAYdJgGXWW6kmtSeEuhNIQ\",\"https:\/\/fr.wikipedia.org\/wiki\/Geres\"]},{\"@type\":\"Person\",\"@id\":\"\"}]}<\/script>\n<!-- \/ Yoast SEO plugin. -->","yoast_head_json":{"title":"New opportunities for unemployed youth in Tajikistan - Geres","robots":{"index":"index","follow":"follow","max-snippet":"max-snippet:-1","max-image-preview":"max-image-preview:large","max-video-preview":"max-video-preview:-1"},"canonical":"https:\/\/www.geres.eu\/en\/news\/project-news\/new-opportunities_for-unemployed-youth-in-tajikistan\/","og_locale":"en_US","og_type":"article","og_title":"New opportunities for unemployed youth in Tajikistan - Geres","og_description":"In october 2021, Geres in collaboration with local NGO\u2019s, launched a series of action to help tackle tajik youth unemployment. Part of them consisted in training youth to acquire energy efficient construction skills. Let\u2019s zoom in on the successful journey of Sherzod. This project is funded by the European [&hellip;]","og_url":"https:\/\/www.geres.eu\/en\/news\/project-news\/new-opportunities_for-unemployed-youth-in-tajikistan\/","og_site_name":"Geres","article_publisher":"https:\/\/www.facebook.com\/geres.asso\/","article_published_time":"2022-09-15T16:55:48+00:00","article_modified_time":"2022-09-21T10:12:40+00:00","og_image":[{"width":1100,"height":500,"url":"https:\/\/www.geres.eu\/wp-content\/uploads\/2022\/08\/middle.png","type":"image\/png"}],"twitter_card":"summary_large_image","twitter_creator":"@Geres_fr","twitter_site":"@Geres_fr","twitter_misc":{"Written by":"","Est. reading time":"8 minutes"},"schema":{"@context":"https:\/\/schema.org","@graph":[{"@type":"Article","@id":"https:\/\/www.geres.eu\/en\/news\/project-news\/new-opportunities_for-unemployed-youth-in-tajikistan\/#article","isPartOf":{"@id":"https:\/\/www.geres.eu\/en\/news\/project-news\/new-opportunities_for-unemployed-youth-in-tajikistan\/"},"author":{"name":"","@id":""},"headline":"New opportunities for unemployed youth in Tajikistan","datePublished":"2022-09-15T16:55:48+00:00","dateModified":"2022-09-21T10:12:40+00:00","mainEntityOfPage":{"@id":"https:\/\/www.geres.eu\/en\/news\/project-news\/new-opportunities_for-unemployed-youth-in-tajikistan\/"},"wordCount":2384,"commentCount":0,"publisher":{"@id":"https:\/\/www.geres.eu\/en\/#organization"},"image":{"@id":"https:\/\/www.geres.eu\/en\/news\/project-news\/new-opportunities_for-unemployed-youth-in-tajikistan\/#primaryimage"},"thumbnailUrl":"https:\/\/www.geres.eu\/wp-content\/uploads\/2022\/08\/middle.png","articleSection":["L'actualit\u00e9 des projets","Project news"],"inLanguage":"en-US","potentialAction":[{"@type":"CommentAction","name":"Comment","target":["https:\/\/www.geres.eu\/en\/news\/project-news\/new-opportunities_for-unemployed-youth-in-tajikistan\/#respond"]}]},{"@type":"WebPage","@id":"https:\/\/www.geres.eu\/en\/news\/project-news\/new-opportunities_for-unemployed-youth-in-tajikistan\/","url":"https:\/\/www.geres.eu\/en\/news\/project-news\/new-opportunities_for-unemployed-youth-in-tajikistan\/","name":"New opportunities for unemployed youth in Tajikistan - Geres","isPartOf":{"@id":"https:\/\/www.geres.eu\/en\/#website"},"primaryImageOfPage":{"@id":"https:\/\/www.geres.eu\/en\/news\/project-news\/new-opportunities_for-unemployed-youth-in-tajikistan\/#primaryimage"},"image":{"@id":"https:\/\/www.geres.eu\/en\/news\/project-news\/new-opportunities_for-unemployed-youth-in-tajikistan\/#primaryimage"},"thumbnailUrl":"https:\/\/www.geres.eu\/wp-content\/uploads\/2022\/08\/middle.png","datePublished":"2022-09-15T16:55:48+00:00","dateModified":"2022-09-21T10:12:40+00:00","breadcrumb":{"@id":"https:\/\/www.geres.eu\/en\/news\/project-news\/new-opportunities_for-unemployed-youth-in-tajikistan\/#breadcrumb"},"inLanguage":"en-US","potentialAction":[{"@type":"ReadAction","target":["https:\/\/www.geres.eu\/en\/news\/project-news\/new-opportunities_for-unemployed-youth-in-tajikistan\/"]}]},{"@type":"ImageObject","inLanguage":"en-US","@id":"https:\/\/www.geres.eu\/en\/news\/project-news\/new-opportunities_for-unemployed-youth-in-tajikistan\/#primaryimage","url":"https:\/\/www.geres.eu\/wp-content\/uploads\/2022\/08\/middle.png","contentUrl":"https:\/\/www.geres.eu\/wp-content\/uploads\/2022\/08\/middle.png","width":1100,"height":500},{"@type":"BreadcrumbList","@id":"https:\/\/www.geres.eu\/en\/news\/project-news\/new-opportunities_for-unemployed-youth-in-tajikistan\/#breadcrumb","itemListElement":[{"@type":"ListItem","position":1,"name":"Home","item":"https:\/\/www.geres.eu\/en\/"},{"@type":"ListItem","position":2,"name":"New opportunities for unemployed youth in Tajikistan"}]},{"@type":"WebSite","@id":"https:\/\/www.geres.eu\/en\/#website","url":"https:\/\/www.geres.eu\/en\/","name":"Geres","description":"Acting for climate solidarity","publisher":{"@id":"https:\/\/www.geres.eu\/en\/#organization"},"potentialAction":[{"@type":"SearchAction","target":{"@type":"EntryPoint","urlTemplate":"https:\/\/www.geres.eu\/en\/?s={search_term_string}"},"query-input":{"@type":"PropertyValueSpecification","valueRequired":true,"valueName":"search_term_string"}}],"inLanguage":"en-US"},{"@type":"Organization","@id":"https:\/\/www.geres.eu\/en\/#organization","name":"Geres","url":"https:\/\/www.geres.eu\/en\/","logo":{"@type":"ImageObject","inLanguage":"en-US","@id":"https:\/\/www.geres.eu\/en\/#\/schema\/logo\/image\/","url":"https:\/\/www.geres.eu\/wp-content\/uploads\/2019\/10\/geres-logo-fr.png","contentUrl":"https:\/\/www.geres.eu\/wp-content\/uploads\/2019\/10\/geres-logo-fr.png","width":139,"height":92,"caption":"Geres"},"image":{"@id":"https:\/\/www.geres.eu\/en\/#\/schema\/logo\/image\/"},"sameAs":["https:\/\/www.facebook.com\/geres.asso\/","https:\/\/x.com\/Geres_fr","https:\/\/fr.linkedin.com\/company\/geres","https:\/\/www.youtube.com\/channel\/UCDAYdJgGXWW6kmtSeEuhNIQ","https:\/\/fr.wikipedia.org\/wiki\/Geres"]},{"@type":"Person","@id":""}]}},"_links":{"self":[{"href":"https:\/\/www.geres.eu\/en\/wp-json\/wp\/v2\/posts\/28114"}],"collection":[{"href":"https:\/\/www.geres.eu\/en\/wp-json\/wp\/v2\/posts"}],"about":[{"href":"https:\/\/www.geres.eu\/en\/wp-json\/wp\/v2\/types\/post"}],"author":[{"embeddable":true,"href":"https:\/\/www.geres.eu\/en\/wp-json\/wp\/v2\/users\/11"}],"replies":[{"embeddable":true,"href":"https:\/\/www.geres.eu\/en\/wp-json\/wp\/v2\/comments?post=28114"}],"version-history":[{"count":64,"href":"https:\/\/www.geres.eu\/en\/wp-json\/wp\/v2\/posts\/28114\/revisions"}],"predecessor-version":[{"id":28467,"href":"https:\/\/www.geres.eu\/en\/wp-json\/wp\/v2\/posts\/28114\/revisions\/28467"}],"wp:featuredmedia":[{"embeddable":true,"href":"https:\/\/www.geres.eu\/en\/wp-json\/wp\/v2\/media\/28130"}],"wp:attachment":[{"href":"https:\/\/www.geres.eu\/en\/wp-json\/wp\/v2\/media?parent=28114"}],"wp:term":[{"taxonomy":"category","embeddable":true,"href":"https:\/\/www.geres.eu\/en\/wp-json\/wp\/v2\/categories?post=28114"},{"taxonomy":"post_tag","embeddable":true,"href":"https:\/\/www.geres.eu\/en\/wp-json\/wp\/v2\/tags?post=28114"}],"curies":[{"name":"wp","href":"https:\/\/api.w.org\/{rel}","templated":true}]}}